{"id":1183,"date":"2022-05-25T06:12:22","date_gmt":"2022-05-25T06:12:22","guid":{"rendered":"https:\/\/corazonexsolidarios.com\/?p=1183"},"modified":"2025-02-14T09:58:40","modified_gmt":"2025-02-14T09:58:40","slug":"con-los-ninos-en-el-corazon","status":"publish","type":"post","link":"https:\/\/corazonexsolidarios.com\/index.php\/2022\/05\/25\/con-los-ninos-en-el-corazon\/","title":{"rendered":"Con los ni\u00f1os en el coraz\u00f3n"},"content":{"rendered":"\t\t<div data-elementor-type=\"wp-post\" data-elementor-id=\"1183\" class=\"elementor elementor-1183\">\n\t\t\t\t<div class=\"elementor-element elementor-element-d9dd128 e-flex e-con-boxed wpr-particle-no wpr-jarallax-no wpr-parallax-no wpr-sticky-section-no wpr-equal-height-no e-con e-parent\" data-id=\"d9dd128\" data-element_type=\"container\" data-e-type=\"container\">\n\t\t\t\t\t<div class=\"e-con-inner\">\n\t\t\t\t<div class=\"elementor-element elementor-element-0704d40 elementor-widget elementor-widget-heading\" data-id=\"0704d40\" data-element_type=\"widget\" data-e-type=\"widget\" data-widget_type=\"heading.default\">\n\t\t\t\t<div class=\"elementor-widget-container\">\n\t\t\t\t\t<h2 class=\"elementor-heading-title elementor-size-default\">Nace la Asociaci\u00f3n CorazonEx Solidarios, apadrinada por la cantante Nuria Ferg\u00f3 y el exfutbolista pacense Adelardo Rodr\u00edguez, 'La leyenda'<\/h2>\t\t\t\t<\/div>\n\t\t\t\t<\/div>\n\t\t\t\t\t<\/div>\n\t\t\t\t<\/div>\n\t\t<div class=\"elementor-element elementor-element-0731451 e-flex e-con-boxed wpr-particle-no wpr-jarallax-no wpr-parallax-no wpr-sticky-section-no wpr-equal-height-no e-con e-parent\" data-id=\"0731451\" data-element_type=\"container\" data-e-type=\"container\">\n\t\t\t\t\t<div class=\"e-con-inner\">\n\t\t\t\t<div class=\"elementor-element elementor-element-af7dfdb elementor-widget elementor-widget-text-editor\" data-id=\"af7dfdb\" data-element_type=\"widget\" data-e-type=\"widget\" data-widget_type=\"text-editor.default\">\n\t\t\t\t<div class=\"elementor-widget-container\">\n\t\t\t\t\t\t\t\t\t<article class=\"article-photo article-photo--full\"><p class=\"article-photo__footer\"><em>Fundadores y padrinos de la nueva asociaci\u00f3n CorazonEx Solidarios, este martes en Badajoz.<\/em>\u00a0ANTONIO HERN\u00c1NDEZ<\/p><\/article><div class=\"article-body \"><p class=\"article-body__text article-body__text--entry article-body__text-middle\"><strong>Ofrecer a los ni\u00f1os oportunidades que les permitan disfrutar de una infancia digna y feliz sin que la situaci\u00f3n econ\u00f3mica de sus familias suponga una traba<\/strong>.\u00a0Es el reto con el que nace la\u00a0<strong>Asociaci\u00f3n CorazonEx Solidarios<\/strong>, que ayer se present\u00f3 oficialmente en Badajoz<strong>, apadrinada por la cantante Nuria Ferg\u00f3 y el presidente de la Fundaci\u00f3n del Atl\u00e9tico de Madrid, el exfutbolista pacense Adelardo Rodr\u00edguez, \u2018La leyenda\u2019.<\/strong><\/p><div class=\"article-body--seo-closed\"><p class=\"article-body__text \">Las inquietudes solidarias de los<strong>\u00a0ocho fundadores<\/strong>\u00a0de la asociaci\u00f3n fueron el inicio de un proyecto que ha tomado forma y cuyas primeras acciones ya son una realidad:\u00a017 ni\u00f1os de la barriada del Cerro de Reyes asistir\u00e1n, este mismo fin de semana, a un\u00a0<strong>campamento<\/strong>\u00a0en la localidad cacere\u00f1a de Salorino, organizado en colaboraci\u00f3n con Juvenex. No es el \u00e1mbito del ocio el \u00fanico que abordar\u00e1 CorazonEx Solidarios,\u00a0que facilitar\u00e1\u00a0<strong>becas de estudio<\/strong>\u00a0(para clases de apoyo escolar, compra de material);<strong>\u00a0becas deportivas<\/strong>\u00a0(para la inscripci\u00f3n en clubes, equipaci\u00f3n); ayudas para\u00a0<strong>alimentos<\/strong>; y tambi\u00e9n para cumplir sue\u00f1os e ilusiones.\u00a0\u00ab<strong>Hay ni\u00f1os que de otra forma no podr\u00edan ir a Madrid a ver un partido de f\u00fatbol, al teatro o a un parque acu\u00e1tico en Sevilla. Nosotros queremos hacer realidad esos deseos\u00bb, explica Alberto Covars\u00ed, presidente de la asociaci\u00f3n.<\/strong><\/p><p class=\"article-body__text \">Junto a \u00e9l forman parte del comit\u00e9 fundador Pedro Guti\u00e9rrez (vicepresidente); Margarita Mora (secretaria); Rafael Rodr\u00edguez (tesorero); y Pilar Coslado, Jos\u00e9 Lorenzo Jim\u00e9nez, Francisco Javier \u00c1lvarez y Casimiro Romero (vocales). Todos se han implicado de forma altruista en este proyecto, con el que quieren crear una\u00a0<strong>red ciudadana<\/strong>\u00a0que detecte en su entorno las necesidades que tienen los m\u00e1s peque\u00f1os para combatir la pobreza y la exclusi\u00f3n social. Para ello, adem\u00e1s, quieren<strong>\u00a0contar con empresas, asociaciones, instituciones y administraciones<\/strong>, que colaboren en las acciones que se pongan en marcha. Una de ellas es una gala para recoger juguetes, una iniciativa en la que ya participaban antes de la pandemia y quieren recuperar. Ya tienen fecha, el 25 de noviembre. \u00abEsperamos que haya artistas muy importantes\u00bb, avanza Covars\u00ed.<\/p><div id=\"nlt_signup_botton\" class=\"article-body__text nx-piano--offer nx-piano--offer--signup-button-body\">\u00a0<\/div><p class=\"article-body__text \">Las personas que deseen colaborar con CorazonEx Solidarios pueden contactar con la asociaci\u00f3n a trav\u00e9s de su p\u00e1gina web, sus redes sociales y el tel\u00e9fono 661 449 091. Ninguna ayuda ser\u00e1 peque\u00f1a si contribuye a\u00a0<strong>que los ni\u00f1os vivan la infancia a la que todos ellos tienen derecho y merecen.<\/strong><\/p><\/div><\/div>\t\t\t\t\t\t\t\t<\/div>\n\t\t\t\t<\/div>\n\t\t\t\t\t<\/div>\n\t\t\t\t<\/div>\n\t\t<div class=\"elementor-element elementor-element-7f6ea32 e-flex e-con-boxed wpr-particle-no wpr-jarallax-no wpr-parallax-no wpr-sticky-section-no wpr-equal-height-no e-con e-parent\" data-id=\"7f6ea32\" data-element_type=\"container\" data-e-type=\"container\">\n\t\t\t\t\t<div class=\"e-con-inner\">\n\t\t\t\t<div class=\"elementor-element elementor-element-1c96126 elementor-widget elementor-widget-text-editor\" data-id=\"1c96126\" data-element_type=\"widget\" data-e-type=\"widget\" data-widget_type=\"text-editor.default\">\n\t\t\t\t<div class=\"elementor-widget-container\">\n\t\t\t\t\t\t\t\t\t<p>Fuente: La Cr\u00f3nica de Badajoz<\/p>\t\t\t\t\t\t\t\t<\/div>\n\t\t\t\t<\/div>\n\t\t\t\t\t<\/div>\n\t\t\t\t<\/div>\n\t\t\t\t<\/div>\n\t\t","protected":false},"excerpt":{"rendered":"<p>Nace la Asociaci\u00f3n CorazonEx Solidarios, apadrinada por la cantante Nuria Ferg\u00f3 y el exfutbolista pacense Adelardo Rodr\u00edguez, &#8216;La leyenda&#8217; Fundadores y padrinos de la nueva asociaci\u00f3n CorazonEx Solidarios, este martes en Badajoz.\u00a0ANTONIO HERN\u00c1NDEZ Ofrecer a los ni\u00f1os oportunidades que les permitan disfrutar de una infancia digna y feliz sin que la situaci\u00f3n econ\u00f3mica de sus familias suponga una traba.\u00a0Es el reto con el que nace la\u00a0Asociaci\u00f3n CorazonEx Solidarios, que ayer se present\u00f3 oficialmente en Badajoz, apadrinada por la cantante Nuria Ferg\u00f3 y el presidente de la Fundaci\u00f3n del Atl\u00e9tico de Madrid, el exfutbolista pacense Adelardo Rodr\u00edguez, \u2018La leyenda\u2019. Las inquietudes solidarias de los\u00a0ocho fundadores\u00a0de la asociaci\u00f3n fueron el inicio de un proyecto que ha tomado forma y cuyas primeras acciones ya son una realidad:\u00a017 ni\u00f1os de la barriada del Cerro de Reyes asistir\u00e1n, este mismo fin de semana, a un\u00a0campamento\u00a0en la localidad cacere\u00f1a de Salorino, organizado en colaboraci\u00f3n con Juvenex. No es el \u00e1mbito del ocio el \u00fanico que abordar\u00e1 CorazonEx Solidarios,\u00a0que facilitar\u00e1\u00a0becas de estudio\u00a0(para clases de apoyo escolar, compra de material);\u00a0becas deportivas\u00a0(para la inscripci\u00f3n en clubes, equipaci\u00f3n); ayudas para\u00a0alimentos; y tambi\u00e9n para cumplir sue\u00f1os e ilusiones.\u00a0\u00abHay ni\u00f1os que de otra forma no podr\u00edan ir a Madrid a ver un partido de f\u00fatbol, al teatro o a un parque acu\u00e1tico en Sevilla. Nosotros queremos hacer realidad esos deseos\u00bb, explica Alberto Covars\u00ed, presidente de la asociaci\u00f3n. Junto a \u00e9l forman parte del comit\u00e9 fundador Pedro Guti\u00e9rrez (vicepresidente); Margarita Mora (secretaria); Rafael Rodr\u00edguez (tesorero); y Pilar Coslado, Jos\u00e9 Lorenzo Jim\u00e9nez, Francisco Javier \u00c1lvarez y Casimiro Romero (vocales). Todos se han implicado de forma altruista en este proyecto, con el que quieren crear una\u00a0red ciudadana\u00a0que detecte en su entorno las necesidades que tienen los m\u00e1s peque\u00f1os para combatir la pobreza y la exclusi\u00f3n social. Para ello, adem\u00e1s, quieren\u00a0contar con empresas, asociaciones, instituciones y administraciones, que colaboren en las acciones que se pongan en marcha. Una de ellas es una gala para recoger juguetes, una iniciativa en la que ya participaban antes de la pandemia y quieren recuperar. Ya tienen fecha, el 25 de noviembre. \u00abEsperamos que haya artistas muy importantes\u00bb, avanza Covars\u00ed. \u00a0 Las personas que deseen colaborar con CorazonEx Solidarios pueden contactar con la asociaci\u00f3n a trav\u00e9s de su p\u00e1gina web, sus redes sociales y el tel\u00e9fono 661 449 091. Ninguna ayuda ser\u00e1 peque\u00f1a si contribuye a\u00a0que los ni\u00f1os vivan la infancia a la que todos ellos tienen derecho y merecen. Fuente: La Cr\u00f3nica de Badajoz<\/p>\n","protected":false},"author":1,"featured_media":1386,"comment_status":"open","ping_status":"open","sticky":false,"template":"","format":"standard","meta":{"footnotes":""},"categories":[22],"tags":[],"class_list":["post-1183","post","type-post","status-publish","format-standard","has-post-thumbnail","hentry","category-noticias"],"yoast_head":"<!-- This site is optimized with the Yoast SEO plugin v27.5 - https:\/\/yoast.com\/product\/yoast-seo-wordpress\/ -->\n<title>Con los ni\u00f1os en el coraz\u00f3n - Corazonex Solidarios<\/title>\n<meta name=\"robots\" content=\"index, follow, max-snippet:-1, max-image-preview:large, max-video-preview:-1\" \/>\n<link rel=\"canonical\" href=\"https:\/\/corazonexsolidarios.com\/index.php\/2022\/05\/25\/con-los-ninos-en-el-corazon\/\" \/>\n<meta property=\"og:locale\" content=\"es_ES\" \/>\n<meta property=\"og:type\" content=\"article\" \/>\n<meta property=\"og:title\" content=\"Con los ni\u00f1os en el coraz\u00f3n - Corazonex Solidarios\" \/>\n<meta property=\"og:description\" content=\"Nace la Asociaci\u00f3n CorazonEx Solidarios, apadrinada por la cantante Nuria Ferg\u00f3 y el exfutbolista pacense Adelardo Rodr\u00edguez, &#8216;La leyenda&#8217; Fundadores y padrinos de la nueva asociaci\u00f3n CorazonEx Solidarios, este martes en Badajoz.\u00a0ANTONIO HERN\u00c1NDEZ Ofrecer a los ni\u00f1os oportunidades que les permitan disfrutar de una infancia digna y feliz sin que la situaci\u00f3n econ\u00f3mica de sus familias suponga una traba.\u00a0Es el reto con el que nace la\u00a0Asociaci\u00f3n CorazonEx Solidarios, que ayer se present\u00f3 oficialmente en Badajoz, apadrinada por la cantante Nuria Ferg\u00f3 y el presidente de la Fundaci\u00f3n del Atl\u00e9tico de Madrid, el exfutbolista pacense Adelardo Rodr\u00edguez, \u2018La leyenda\u2019. Las inquietudes solidarias de los\u00a0ocho fundadores\u00a0de la asociaci\u00f3n fueron el inicio de un proyecto que ha tomado forma y cuyas primeras acciones ya son una realidad:\u00a017 ni\u00f1os de la barriada del Cerro de Reyes asistir\u00e1n, este mismo fin de semana, a un\u00a0campamento\u00a0en la localidad cacere\u00f1a de Salorino, organizado en colaboraci\u00f3n con Juvenex. No es el \u00e1mbito del ocio el \u00fanico que abordar\u00e1 CorazonEx Solidarios,\u00a0que facilitar\u00e1\u00a0becas de estudio\u00a0(para clases de apoyo escolar, compra de material);\u00a0becas deportivas\u00a0(para la inscripci\u00f3n en clubes, equipaci\u00f3n); ayudas para\u00a0alimentos; y tambi\u00e9n para cumplir sue\u00f1os e ilusiones.\u00a0\u00abHay ni\u00f1os que de otra forma no podr\u00edan ir a Madrid a ver un partido de f\u00fatbol, al teatro o a un parque acu\u00e1tico en Sevilla. Nosotros queremos hacer realidad esos deseos\u00bb, explica Alberto Covars\u00ed, presidente de la asociaci\u00f3n. Junto a \u00e9l forman parte del comit\u00e9 fundador Pedro Guti\u00e9rrez (vicepresidente); Margarita Mora (secretaria); Rafael Rodr\u00edguez (tesorero); y Pilar Coslado, Jos\u00e9 Lorenzo Jim\u00e9nez, Francisco Javier \u00c1lvarez y Casimiro Romero (vocales). Todos se han implicado de forma altruista en este proyecto, con el que quieren crear una\u00a0red ciudadana\u00a0que detecte en su entorno las necesidades que tienen los m\u00e1s peque\u00f1os para combatir la pobreza y la exclusi\u00f3n social. Para ello, adem\u00e1s, quieren\u00a0contar con empresas, asociaciones, instituciones y administraciones, que colaboren en las acciones que se pongan en marcha. Una de ellas es una gala para recoger juguetes, una iniciativa en la que ya participaban antes de la pandemia y quieren recuperar. Ya tienen fecha, el 25 de noviembre. \u00abEsperamos que haya artistas muy importantes\u00bb, avanza Covars\u00ed. \u00a0 Las personas que deseen colaborar con CorazonEx Solidarios pueden contactar con la asociaci\u00f3n a trav\u00e9s de su p\u00e1gina web, sus redes sociales y el tel\u00e9fono 661 449 091. Ninguna ayuda ser\u00e1 peque\u00f1a si contribuye a\u00a0que los ni\u00f1os vivan la infancia a la que todos ellos tienen derecho y merecen. Fuente: La Cr\u00f3nica de Badajoz\" \/>\n<meta property=\"og:url\" content=\"https:\/\/corazonexsolidarios.com\/index.php\/2022\/05\/25\/con-los-ninos-en-el-corazon\/\" \/>\n<meta property=\"og:site_name\" content=\"Corazonex Solidarios\" \/>\n<meta property=\"article:publisher\" content=\"https:\/\/www.facebook.com\/Corazonexsolidarios\" \/>\n<meta property=\"article:published_time\" content=\"2022-05-25T06:12:22+00:00\" \/>\n<meta property=\"article:modified_time\" content=\"2025-02-14T09:58:40+00:00\" \/>\n<meta property=\"og:image\" content=\"https:\/\/corazonexsolidarios.com\/wp-content\/uploads\/2023\/07\/nace-corazonex-e1739527100204.jpeg\" \/>\n\t<meta property=\"og:image:width\" content=\"800\" \/>\n\t<meta property=\"og:image:height\" content=\"400\" \/>\n\t<meta property=\"og:image:type\" content=\"image\/jpeg\" \/>\n<meta name=\"author\" content=\"admin\" \/>\n<meta name=\"twitter:card\" content=\"summary_large_image\" \/>\n<meta name=\"twitter:label1\" content=\"Escrito por\" \/>\n\t<meta name=\"twitter:data1\" content=\"admin\" \/>\n\t<meta name=\"twitter:label2\" content=\"Tiempo de lectura\" \/>\n\t<meta name=\"twitter:data2\" content=\"3 minutos\" \/>\n<script type=\"application\/ld+json\" class=\"yoast-schema-graph\">{\"@context\":\"https:\\\/\\\/schema.org\",\"@graph\":[{\"@type\":\"Article\",\"@id\":\"https:\\\/\\\/corazonexsolidarios.com\\\/index.php\\\/2022\\\/05\\\/25\\\/con-los-ninos-en-el-corazon\\\/#article\",\"isPartOf\":{\"@id\":\"https:\\\/\\\/corazonexsolidarios.com\\\/index.php\\\/2022\\\/05\\\/25\\\/con-los-ninos-en-el-corazon\\\/\"},\"author\":{\"name\":\"admin\",\"@id\":\"https:\\\/\\\/corazonexsolidarios.com\\\/#\\\/schema\\\/person\\\/74adce06a6ed56acf23937315f586b1a\"},\"headline\":\"Con los ni\u00f1os en el coraz\u00f3n\",\"datePublished\":\"2022-05-25T06:12:22+00:00\",\"dateModified\":\"2025-02-14T09:58:40+00:00\",\"mainEntityOfPage\":{\"@id\":\"https:\\\/\\\/corazonexsolidarios.com\\\/index.php\\\/2022\\\/05\\\/25\\\/con-los-ninos-en-el-corazon\\\/\"},\"wordCount\":464,\"commentCount\":0,\"publisher\":{\"@id\":\"https:\\\/\\\/corazonexsolidarios.com\\\/#organization\"},\"image\":{\"@id\":\"https:\\\/\\\/corazonexsolidarios.com\\\/index.php\\\/2022\\\/05\\\/25\\\/con-los-ninos-en-el-corazon\\\/#primaryimage\"},\"thumbnailUrl\":\"https:\\\/\\\/corazonexsolidarios.com\\\/wp-content\\\/uploads\\\/2023\\\/07\\\/nace-corazonex-e1739527100204.jpeg\",\"articleSection\":[\"Noticias\"],\"inLanguage\":\"es\",\"potentialAction\":[{\"@type\":\"CommentAction\",\"name\":\"Comment\",\"target\":[\"https:\\\/\\\/corazonexsolidarios.com\\\/index.php\\\/2022\\\/05\\\/25\\\/con-los-ninos-en-el-corazon\\\/#respond\"]}]},{\"@type\":\"WebPage\",\"@id\":\"https:\\\/\\\/corazonexsolidarios.com\\\/index.php\\\/2022\\\/05\\\/25\\\/con-los-ninos-en-el-corazon\\\/\",\"url\":\"https:\\\/\\\/corazonexsolidarios.com\\\/index.php\\\/2022\\\/05\\\/25\\\/con-los-ninos-en-el-corazon\\\/\",\"name\":\"Con los ni\u00f1os en el coraz\u00f3n - Corazonex Solidarios\",\"isPartOf\":{\"@id\":\"https:\\\/\\\/corazonexsolidarios.com\\\/#website\"},\"primaryImageOfPage\":{\"@id\":\"https:\\\/\\\/corazonexsolidarios.com\\\/index.php\\\/2022\\\/05\\\/25\\\/con-los-ninos-en-el-corazon\\\/#primaryimage\"},\"image\":{\"@id\":\"https:\\\/\\\/corazonexsolidarios.com\\\/index.php\\\/2022\\\/05\\\/25\\\/con-los-ninos-en-el-corazon\\\/#primaryimage\"},\"thumbnailUrl\":\"https:\\\/\\\/corazonexsolidarios.com\\\/wp-content\\\/uploads\\\/2023\\\/07\\\/nace-corazonex-e1739527100204.jpeg\",\"datePublished\":\"2022-05-25T06:12:22+00:00\",\"dateModified\":\"2025-02-14T09:58:40+00:00\",\"breadcrumb\":{\"@id\":\"https:\\\/\\\/corazonexsolidarios.com\\\/index.php\\\/2022\\\/05\\\/25\\\/con-los-ninos-en-el-corazon\\\/#breadcrumb\"},\"inLanguage\":\"es\",\"potentialAction\":[{\"@type\":\"ReadAction\",\"target\":[\"https:\\\/\\\/corazonexsolidarios.com\\\/index.php\\\/2022\\\/05\\\/25\\\/con-los-ninos-en-el-corazon\\\/\"]}]},{\"@type\":\"ImageObject\",\"inLanguage\":\"es\",\"@id\":\"https:\\\/\\\/corazonexsolidarios.com\\\/index.php\\\/2022\\\/05\\\/25\\\/con-los-ninos-en-el-corazon\\\/#primaryimage\",\"url\":\"https:\\\/\\\/corazonexsolidarios.com\\\/wp-content\\\/uploads\\\/2023\\\/07\\\/nace-corazonex-e1739527100204.jpeg\",\"contentUrl\":\"https:\\\/\\\/corazonexsolidarios.com\\\/wp-content\\\/uploads\\\/2023\\\/07\\\/nace-corazonex-e1739527100204.jpeg\",\"width\":800,\"height\":400},{\"@type\":\"BreadcrumbList\",\"@id\":\"https:\\\/\\\/corazonexsolidarios.com\\\/index.php\\\/2022\\\/05\\\/25\\\/con-los-ninos-en-el-corazon\\\/#breadcrumb\",\"itemListElement\":[{\"@type\":\"ListItem\",\"position\":1,\"name\":\"Portada\",\"item\":\"https:\\\/\\\/corazonexsolidarios.com\\\/\"},{\"@type\":\"ListItem\",\"position\":2,\"name\":\"Con los ni\u00f1os en el coraz\u00f3n\"}]},{\"@type\":\"WebSite\",\"@id\":\"https:\\\/\\\/corazonexsolidarios.com\\\/#website\",\"url\":\"https:\\\/\\\/corazonexsolidarios.com\\\/\",\"name\":\"Corazonex Solidarios\",\"description\":\"Ning\u00fan ni\u00f1o sin ilusi\u00f3n\",\"publisher\":{\"@id\":\"https:\\\/\\\/corazonexsolidarios.com\\\/#organization\"},\"potentialAction\":[{\"@type\":\"SearchAction\",\"target\":{\"@type\":\"EntryPoint\",\"urlTemplate\":\"https:\\\/\\\/corazonexsolidarios.com\\\/?s={search_term_string}\"},\"query-input\":{\"@type\":\"PropertyValueSpecification\",\"valueRequired\":true,\"valueName\":\"search_term_string\"}}],\"inLanguage\":\"es\"},{\"@type\":\"Organization\",\"@id\":\"https:\\\/\\\/corazonexsolidarios.com\\\/#organization\",\"name\":\"Corazonex Solidarios\",\"url\":\"https:\\\/\\\/corazonexsolidarios.com\\\/\",\"logo\":{\"@type\":\"ImageObject\",\"inLanguage\":\"es\",\"@id\":\"https:\\\/\\\/corazonexsolidarios.com\\\/#\\\/schema\\\/logo\\\/image\\\/\",\"url\":\"https:\\\/\\\/corazonexsolidarios.com\\\/wp-content\\\/uploads\\\/2023\\\/10\\\/cropped-cropped-LogoCorazonex.png\",\"contentUrl\":\"https:\\\/\\\/corazonexsolidarios.com\\\/wp-content\\\/uploads\\\/2023\\\/10\\\/cropped-cropped-LogoCorazonex.png\",\"width\":706,\"height\":272,\"caption\":\"Corazonex Solidarios\"},\"image\":{\"@id\":\"https:\\\/\\\/corazonexsolidarios.com\\\/#\\\/schema\\\/logo\\\/image\\\/\"},\"sameAs\":[\"https:\\\/\\\/www.facebook.com\\\/Corazonexsolidarios\",\"https:\\\/\\\/www.instagram.com\\\/corazonexsolidarios\\\/\"]},{\"@type\":\"Person\",\"@id\":\"https:\\\/\\\/corazonexsolidarios.com\\\/#\\\/schema\\\/person\\\/74adce06a6ed56acf23937315f586b1a\",\"name\":\"admin\",\"image\":{\"@type\":\"ImageObject\",\"inLanguage\":\"es\",\"@id\":\"https:\\\/\\\/secure.gravatar.com\\\/avatar\\\/9295a23ea59b650379ae7be01980814bc051a56e8fbba466fbd172967b46761f?s=96&d=mm&r=g\",\"url\":\"https:\\\/\\\/secure.gravatar.com\\\/avatar\\\/9295a23ea59b650379ae7be01980814bc051a56e8fbba466fbd172967b46761f?s=96&d=mm&r=g\",\"contentUrl\":\"https:\\\/\\\/secure.gravatar.com\\\/avatar\\\/9295a23ea59b650379ae7be01980814bc051a56e8fbba466fbd172967b46761f?s=96&d=mm&r=g\",\"caption\":\"admin\"},\"sameAs\":[\"https:\\\/\\\/corazonex.mandarinaagencia.com\"],\"url\":\"https:\\\/\\\/corazonexsolidarios.com\\\/index.php\\\/author\\\/admin\\\/\"}]}<\/script>\n<!-- \/ Yoast SEO plugin. -->","yoast_head_json":{"title":"Con los ni\u00f1os en el coraz\u00f3n - Corazonex Solidarios","robots":{"index":"index","follow":"follow","max-snippet":"max-snippet:-1","max-image-preview":"max-image-preview:large","max-video-preview":"max-video-preview:-1"},"canonical":"https:\/\/corazonexsolidarios.com\/index.php\/2022\/05\/25\/con-los-ninos-en-el-corazon\/","og_locale":"es_ES","og_type":"article","og_title":"Con los ni\u00f1os en el coraz\u00f3n - Corazonex Solidarios","og_description":"Nace la Asociaci\u00f3n CorazonEx Solidarios, apadrinada por la cantante Nuria Ferg\u00f3 y el exfutbolista pacense Adelardo Rodr\u00edguez, &#8216;La leyenda&#8217; Fundadores y padrinos de la nueva asociaci\u00f3n CorazonEx Solidarios, este martes en Badajoz.\u00a0ANTONIO HERN\u00c1NDEZ Ofrecer a los ni\u00f1os oportunidades que les permitan disfrutar de una infancia digna y feliz sin que la situaci\u00f3n econ\u00f3mica de sus familias suponga una traba.\u00a0Es el reto con el que nace la\u00a0Asociaci\u00f3n CorazonEx Solidarios, que ayer se present\u00f3 oficialmente en Badajoz, apadrinada por la cantante Nuria Ferg\u00f3 y el presidente de la Fundaci\u00f3n del Atl\u00e9tico de Madrid, el exfutbolista pacense Adelardo Rodr\u00edguez, \u2018La leyenda\u2019. Las inquietudes solidarias de los\u00a0ocho fundadores\u00a0de la asociaci\u00f3n fueron el inicio de un proyecto que ha tomado forma y cuyas primeras acciones ya son una realidad:\u00a017 ni\u00f1os de la barriada del Cerro de Reyes asistir\u00e1n, este mismo fin de semana, a un\u00a0campamento\u00a0en la localidad cacere\u00f1a de Salorino, organizado en colaboraci\u00f3n con Juvenex. No es el \u00e1mbito del ocio el \u00fanico que abordar\u00e1 CorazonEx Solidarios,\u00a0que facilitar\u00e1\u00a0becas de estudio\u00a0(para clases de apoyo escolar, compra de material);\u00a0becas deportivas\u00a0(para la inscripci\u00f3n en clubes, equipaci\u00f3n); ayudas para\u00a0alimentos; y tambi\u00e9n para cumplir sue\u00f1os e ilusiones.\u00a0\u00abHay ni\u00f1os que de otra forma no podr\u00edan ir a Madrid a ver un partido de f\u00fatbol, al teatro o a un parque acu\u00e1tico en Sevilla. Nosotros queremos hacer realidad esos deseos\u00bb, explica Alberto Covars\u00ed, presidente de la asociaci\u00f3n. Junto a \u00e9l forman parte del comit\u00e9 fundador Pedro Guti\u00e9rrez (vicepresidente); Margarita Mora (secretaria); Rafael Rodr\u00edguez (tesorero); y Pilar Coslado, Jos\u00e9 Lorenzo Jim\u00e9nez, Francisco Javier \u00c1lvarez y Casimiro Romero (vocales). Todos se han implicado de forma altruista en este proyecto, con el que quieren crear una\u00a0red ciudadana\u00a0que detecte en su entorno las necesidades que tienen los m\u00e1s peque\u00f1os para combatir la pobreza y la exclusi\u00f3n social. Para ello, adem\u00e1s, quieren\u00a0contar con empresas, asociaciones, instituciones y administraciones, que colaboren en las acciones que se pongan en marcha. Una de ellas es una gala para recoger juguetes, una iniciativa en la que ya participaban antes de la pandemia y quieren recuperar. Ya tienen fecha, el 25 de noviembre. \u00abEsperamos que haya artistas muy importantes\u00bb, avanza Covars\u00ed. \u00a0 Las personas que deseen colaborar con CorazonEx Solidarios pueden contactar con la asociaci\u00f3n a trav\u00e9s de su p\u00e1gina web, sus redes sociales y el tel\u00e9fono 661 449 091. Ninguna ayuda ser\u00e1 peque\u00f1a si contribuye a\u00a0que los ni\u00f1os vivan la infancia a la que todos ellos tienen derecho y merecen. Fuente: La Cr\u00f3nica de Badajoz","og_url":"https:\/\/corazonexsolidarios.com\/index.php\/2022\/05\/25\/con-los-ninos-en-el-corazon\/","og_site_name":"Corazonex Solidarios","article_publisher":"https:\/\/www.facebook.com\/Corazonexsolidarios","article_published_time":"2022-05-25T06:12:22+00:00","article_modified_time":"2025-02-14T09:58:40+00:00","og_image":[{"width":800,"height":400,"url":"https:\/\/corazonexsolidarios.com\/wp-content\/uploads\/2023\/07\/nace-corazonex-e1739527100204.jpeg","type":"image\/jpeg"}],"author":"admin","twitter_card":"summary_large_image","twitter_misc":{"Escrito por":"admin","Tiempo de lectura":"3 minutos"},"schema":{"@context":"https:\/\/schema.org","@graph":[{"@type":"Article","@id":"https:\/\/corazonexsolidarios.com\/index.php\/2022\/05\/25\/con-los-ninos-en-el-corazon\/#article","isPartOf":{"@id":"https:\/\/corazonexsolidarios.com\/index.php\/2022\/05\/25\/con-los-ninos-en-el-corazon\/"},"author":{"name":"admin","@id":"https:\/\/corazonexsolidarios.com\/#\/schema\/person\/74adce06a6ed56acf23937315f586b1a"},"headline":"Con los ni\u00f1os en el coraz\u00f3n","datePublished":"2022-05-25T06:12:22+00:00","dateModified":"2025-02-14T09:58:40+00:00","mainEntityOfPage":{"@id":"https:\/\/corazonexsolidarios.com\/index.php\/2022\/05\/25\/con-los-ninos-en-el-corazon\/"},"wordCount":464,"commentCount":0,"publisher":{"@id":"https:\/\/corazonexsolidarios.com\/#organization"},"image":{"@id":"https:\/\/corazonexsolidarios.com\/index.php\/2022\/05\/25\/con-los-ninos-en-el-corazon\/#primaryimage"},"thumbnailUrl":"https:\/\/corazonexsolidarios.com\/wp-content\/uploads\/2023\/07\/nace-corazonex-e1739527100204.jpeg","articleSection":["Noticias"],"inLanguage":"es","potentialAction":[{"@type":"CommentAction","name":"Comment","target":["https:\/\/corazonexsolidarios.com\/index.php\/2022\/05\/25\/con-los-ninos-en-el-corazon\/#respond"]}]},{"@type":"WebPage","@id":"https:\/\/corazonexsolidarios.com\/index.php\/2022\/05\/25\/con-los-ninos-en-el-corazon\/","url":"https:\/\/corazonexsolidarios.com\/index.php\/2022\/05\/25\/con-los-ninos-en-el-corazon\/","name":"Con los ni\u00f1os en el coraz\u00f3n - Corazonex Solidarios","isPartOf":{"@id":"https:\/\/corazonexsolidarios.com\/#website"},"primaryImageOfPage":{"@id":"https:\/\/corazonexsolidarios.com\/index.php\/2022\/05\/25\/con-los-ninos-en-el-corazon\/#primaryimage"},"image":{"@id":"https:\/\/corazonexsolidarios.com\/index.php\/2022\/05\/25\/con-los-ninos-en-el-corazon\/#primaryimage"},"thumbnailUrl":"https:\/\/corazonexsolidarios.com\/wp-content\/uploads\/2023\/07\/nace-corazonex-e1739527100204.jpeg","datePublished":"2022-05-25T06:12:22+00:00","dateModified":"2025-02-14T09:58:40+00:00","breadcrumb":{"@id":"https:\/\/corazonexsolidarios.com\/index.php\/2022\/05\/25\/con-los-ninos-en-el-corazon\/#breadcrumb"},"inLanguage":"es","potentialAction":[{"@type":"ReadAction","target":["https:\/\/corazonexsolidarios.com\/index.php\/2022\/05\/25\/con-los-ninos-en-el-corazon\/"]}]},{"@type":"ImageObject","inLanguage":"es","@id":"https:\/\/corazonexsolidarios.com\/index.php\/2022\/05\/25\/con-los-ninos-en-el-corazon\/#primaryimage","url":"https:\/\/corazonexsolidarios.com\/wp-content\/uploads\/2023\/07\/nace-corazonex-e1739527100204.jpeg","contentUrl":"https:\/\/corazonexsolidarios.com\/wp-content\/uploads\/2023\/07\/nace-corazonex-e1739527100204.jpeg","width":800,"height":400},{"@type":"BreadcrumbList","@id":"https:\/\/corazonexsolidarios.com\/index.php\/2022\/05\/25\/con-los-ninos-en-el-corazon\/#breadcrumb","itemListElement":[{"@type":"ListItem","position":1,"name":"Portada","item":"https:\/\/corazonexsolidarios.com\/"},{"@type":"ListItem","position":2,"name":"Con los ni\u00f1os en el coraz\u00f3n"}]},{"@type":"WebSite","@id":"https:\/\/corazonexsolidarios.com\/#website","url":"https:\/\/corazonexsolidarios.com\/","name":"Corazonex Solidarios","description":"Ning\u00fan ni\u00f1o sin ilusi\u00f3n","publisher":{"@id":"https:\/\/corazonexsolidarios.com\/#organization"},"potentialAction":[{"@type":"SearchAction","target":{"@type":"EntryPoint","urlTemplate":"https:\/\/corazonexsolidarios.com\/?s={search_term_string}"},"query-input":{"@type":"PropertyValueSpecification","valueRequired":true,"valueName":"search_term_string"}}],"inLanguage":"es"},{"@type":"Organization","@id":"https:\/\/corazonexsolidarios.com\/#organization","name":"Corazonex Solidarios","url":"https:\/\/corazonexsolidarios.com\/","logo":{"@type":"ImageObject","inLanguage":"es","@id":"https:\/\/corazonexsolidarios.com\/#\/schema\/logo\/image\/","url":"https:\/\/corazonexsolidarios.com\/wp-content\/uploads\/2023\/10\/cropped-cropped-LogoCorazonex.png","contentUrl":"https:\/\/corazonexsolidarios.com\/wp-content\/uploads\/2023\/10\/cropped-cropped-LogoCorazonex.png","width":706,"height":272,"caption":"Corazonex Solidarios"},"image":{"@id":"https:\/\/corazonexsolidarios.com\/#\/schema\/logo\/image\/"},"sameAs":["https:\/\/www.facebook.com\/Corazonexsolidarios","https:\/\/www.instagram.com\/corazonexsolidarios\/"]},{"@type":"Person","@id":"https:\/\/corazonexsolidarios.com\/#\/schema\/person\/74adce06a6ed56acf23937315f586b1a","name":"admin","image":{"@type":"ImageObject","inLanguage":"es","@id":"https:\/\/secure.gravatar.com\/avatar\/9295a23ea59b650379ae7be01980814bc051a56e8fbba466fbd172967b46761f?s=96&d=mm&r=g","url":"https:\/\/secure.gravatar.com\/avatar\/9295a23ea59b650379ae7be01980814bc051a56e8fbba466fbd172967b46761f?s=96&d=mm&r=g","contentUrl":"https:\/\/secure.gravatar.com\/avatar\/9295a23ea59b650379ae7be01980814bc051a56e8fbba466fbd172967b46761f?s=96&d=mm&r=g","caption":"admin"},"sameAs":["https:\/\/corazonex.mandarinaagencia.com"],"url":"https:\/\/corazonexsolidarios.com\/index.php\/author\/admin\/"}]}},"_links":{"self":[{"href":"https:\/\/corazonexsolidarios.com\/index.php\/wp-json\/wp\/v2\/posts\/1183","targetHints":{"allow":["GET"]}}],"collection":[{"href":"https:\/\/corazonexsolidarios.com\/index.php\/wp-json\/wp\/v2\/posts"}],"about":[{"href":"https:\/\/corazonexsolidarios.com\/index.php\/wp-json\/wp\/v2\/types\/post"}],"author":[{"embeddable":true,"href":"https:\/\/corazonexsolidarios.com\/index.php\/wp-json\/wp\/v2\/users\/1"}],"replies":[{"embeddable":true,"href":"https:\/\/corazonexsolidarios.com\/index.php\/wp-json\/wp\/v2\/comments?post=1183"}],"version-history":[{"count":4,"href":"https:\/\/corazonexsolidarios.com\/index.php\/wp-json\/wp\/v2\/posts\/1183\/revisions"}],"predecessor-version":[{"id":1187,"href":"https:\/\/corazonexsolidarios.com\/index.php\/wp-json\/wp\/v2\/posts\/1183\/revisions\/1187"}],"wp:featuredmedia":[{"embeddable":true,"href":"https:\/\/corazonexsolidarios.com\/index.php\/wp-json\/wp\/v2\/media\/1386"}],"wp:attachment":[{"href":"https:\/\/corazonexsolidarios.com\/index.php\/wp-json\/wp\/v2\/media?parent=1183"}],"wp:term":[{"taxonomy":"category","embeddable":true,"href":"https:\/\/corazonexsolidarios.com\/index.php\/wp-json\/wp\/v2\/categories?post=1183"},{"taxonomy":"post_tag","embeddable":true,"href":"https:\/\/corazonexsolidarios.com\/index.php\/wp-json\/wp\/v2\/tags?post=1183"}],"curies":[{"name":"wp","href":"https:\/\/api.w.org\/{rel}","templated":true}]}}