{"id":1935,"date":"2024-11-13T10:38:49","date_gmt":"2024-11-13T10:38:49","guid":{"rendered":"https:\/\/corazonexsolidarios.com\/?p=1935"},"modified":"2025-03-13T12:50:07","modified_gmt":"2025-03-13T12:50:07","slug":"corazonex-participa-en-la-recogida-de-juguetes-solidarios-con-kidus-badajoz","status":"publish","type":"post","link":"https:\/\/corazonexsolidarios.com\/index.php\/2024\/11\/13\/corazonex-participa-en-la-recogida-de-juguetes-solidarios-con-kidus-badajoz\/","title":{"rendered":"CorazonEx participa en la recogida de juguetes solidarios con Kid&amp;Us Badajoz"},"content":{"rendered":"<p><span style=\"font-weight: 400;\">Un a\u00f1o m\u00e1s, en<strong> CorazonEx Solidarios de Extremadura<\/strong> participamos en la recogida de juguetes solidarios para navidad de <strong>Kids&amp;Us Badajoz<\/strong>. Desde el<strong> 11 de noviembre hasta el 22 de noviembre<\/strong>, ambos inclusive, las escuelas de Kids&amp;Us Badajoz Centro y Valdepasillas, pasan a ser puntos de recogida solidarios de juguetes.\u00a0<\/span><\/p>\n<p><span style=\"font-weight: 400;\">En esta nueva edici\u00f3n de recogida queremos aportar nuestro granito de arena a la ciudad, y un a\u00f1o m\u00e1s volvemos a pediros ayuda para ofrecer a todas las familias la posibilidad de abrir regalos el seis de enero.<\/span><\/p>\n<p><span style=\"font-weight: 400;\">Durante estas dos semanas se ha habilitado una zona de la escuela en la entrada para dejar vuestra colaboraci\u00f3n.\u00a0<\/span><\/p>\n<p><span style=\"font-weight: 400;\">\u00a1Gracias a todos por sumaros a esta iniciativa y por confiarnos vuestra solidaridad y empat\u00eda!<\/span><\/p>\n<p>Fuente: CorazonEx Solidarios<\/p>\n\n\n<p><\/p>\n","protected":false},"excerpt":{"rendered":"<p>Un a\u00f1o m\u00e1s, en CorazonEx Solidarios de Extremadura participamos en la recogida de juguetes solidarios para navidad de Kids&amp;Us Badajoz. Desde el 11 de noviembre hasta el 22 de noviembre, ambos inclusive, las escuelas de Kids&amp;Us Badajoz Centro y Valdepasillas, pasan a ser puntos de recogida solidarios de juguetes.\u00a0 En esta nueva edici\u00f3n de recogida queremos aportar nuestro granito de arena a la ciudad, y un a\u00f1o m\u00e1s volvemos a pediros ayuda para ofrecer a todas las familias la posibilidad de abrir regalos el seis de enero. Durante estas dos semanas se ha habilitado una zona de la escuela en la entrada para dejar vuestra colaboraci\u00f3n.\u00a0 \u00a1Gracias a todos por sumaros a esta iniciativa y por confiarnos vuestra solidaridad y empat\u00eda! Fuente: CorazonEx Solidarios<\/p>\n","protected":false},"author":1,"featured_media":1936,"comment_status":"open","ping_status":"open","sticky":false,"template":"","format":"standard","meta":{"footnotes":""},"categories":[24,22,25],"tags":[43],"class_list":["post-1935","post","type-post","status-publish","format-standard","has-post-thumbnail","hentry","category-actividades","category-noticias","category-proyectos-solidarios","tag-actividad"],"yoast_head":"<!-- This site is optimized with the Yoast SEO plugin v27.5 - https:\/\/yoast.com\/product\/yoast-seo-wordpress\/ -->\n<title>CorazonEx participa en la recogida de juguetes solidarios con Kid&amp;Us Badajoz - Corazonex Solidarios<\/title>\n<meta name=\"robots\" content=\"index, follow, max-snippet:-1, max-image-preview:large, max-video-preview:-1\" \/>\n<link rel=\"canonical\" href=\"https:\/\/corazonexsolidarios.com\/index.php\/2024\/11\/13\/corazonex-participa-en-la-recogida-de-juguetes-solidarios-con-kidus-badajoz\/\" \/>\n<meta property=\"og:locale\" content=\"es_ES\" \/>\n<meta property=\"og:type\" content=\"article\" \/>\n<meta property=\"og:title\" content=\"CorazonEx participa en la recogida de juguetes solidarios con Kid&amp;Us Badajoz - Corazonex Solidarios\" \/>\n<meta property=\"og:description\" content=\"Un a\u00f1o m\u00e1s, en CorazonEx Solidarios de Extremadura participamos en la recogida de juguetes solidarios para navidad de Kids&amp;Us Badajoz. Desde el 11 de noviembre hasta el 22 de noviembre, ambos inclusive, las escuelas de Kids&amp;Us Badajoz Centro y Valdepasillas, pasan a ser puntos de recogida solidarios de juguetes.\u00a0 En esta nueva edici\u00f3n de recogida queremos aportar nuestro granito de arena a la ciudad, y un a\u00f1o m\u00e1s volvemos a pediros ayuda para ofrecer a todas las familias la posibilidad de abrir regalos el seis de enero. Durante estas dos semanas se ha habilitado una zona de la escuela en la entrada para dejar vuestra colaboraci\u00f3n.\u00a0 \u00a1Gracias a todos por sumaros a esta iniciativa y por confiarnos vuestra solidaridad y empat\u00eda! Fuente: CorazonEx Solidarios\" \/>\n<meta property=\"og:url\" content=\"https:\/\/corazonexsolidarios.com\/index.php\/2024\/11\/13\/corazonex-participa-en-la-recogida-de-juguetes-solidarios-con-kidus-badajoz\/\" \/>\n<meta property=\"og:site_name\" content=\"Corazonex Solidarios\" \/>\n<meta property=\"article:publisher\" content=\"https:\/\/www.facebook.com\/Corazonexsolidarios\" \/>\n<meta property=\"article:published_time\" content=\"2024-11-13T10:38:49+00:00\" \/>\n<meta property=\"article:modified_time\" content=\"2025-03-13T12:50:07+00:00\" \/>\n<meta property=\"og:image\" content=\"https:\/\/corazonexsolidarios.com\/wp-content\/uploads\/2024\/11\/Captura-de-pantalla-8-e1739528391628.png\" \/>\n\t<meta property=\"og:image:width\" content=\"800\" \/>\n\t<meta property=\"og:image:height\" content=\"400\" \/>\n\t<meta property=\"og:image:type\" content=\"image\/png\" \/>\n<meta name=\"author\" content=\"admin\" \/>\n<meta name=\"twitter:card\" content=\"summary_large_image\" \/>\n<meta name=\"twitter:label1\" content=\"Escrito por\" \/>\n\t<meta name=\"twitter:data1\" content=\"admin\" \/>\n\t<meta name=\"twitter:label2\" content=\"Tiempo de lectura\" \/>\n\t<meta name=\"twitter:data2\" content=\"1 minuto\" \/>\n<script type=\"application\/ld+json\" class=\"yoast-schema-graph\">{\"@context\":\"https:\\\/\\\/schema.org\",\"@graph\":[{\"@type\":\"Article\",\"@id\":\"https:\\\/\\\/corazonexsolidarios.com\\\/index.php\\\/2024\\\/11\\\/13\\\/corazonex-participa-en-la-recogida-de-juguetes-solidarios-con-kidus-badajoz\\\/#article\",\"isPartOf\":{\"@id\":\"https:\\\/\\\/corazonexsolidarios.com\\\/index.php\\\/2024\\\/11\\\/13\\\/corazonex-participa-en-la-recogida-de-juguetes-solidarios-con-kidus-badajoz\\\/\"},\"author\":{\"name\":\"admin\",\"@id\":\"https:\\\/\\\/corazonexsolidarios.com\\\/#\\\/schema\\\/person\\\/74adce06a6ed56acf23937315f586b1a\"},\"headline\":\"CorazonEx participa en la recogida de juguetes solidarios con Kid&amp;Us Badajoz\",\"datePublished\":\"2024-11-13T10:38:49+00:00\",\"dateModified\":\"2025-03-13T12:50:07+00:00\",\"mainEntityOfPage\":{\"@id\":\"https:\\\/\\\/corazonexsolidarios.com\\\/index.php\\\/2024\\\/11\\\/13\\\/corazonex-participa-en-la-recogida-de-juguetes-solidarios-con-kidus-badajoz\\\/\"},\"wordCount\":146,\"commentCount\":0,\"publisher\":{\"@id\":\"https:\\\/\\\/corazonexsolidarios.com\\\/#organization\"},\"image\":{\"@id\":\"https:\\\/\\\/corazonexsolidarios.com\\\/index.php\\\/2024\\\/11\\\/13\\\/corazonex-participa-en-la-recogida-de-juguetes-solidarios-con-kidus-badajoz\\\/#primaryimage\"},\"thumbnailUrl\":\"https:\\\/\\\/corazonexsolidarios.com\\\/wp-content\\\/uploads\\\/2024\\\/11\\\/Captura-de-pantalla-8-e1739528391628.png\",\"keywords\":[\"Actividad\"],\"articleSection\":[\"Actividades\",\"Noticias\",\"Proyectos Solidarios\"],\"inLanguage\":\"es\",\"potentialAction\":[{\"@type\":\"CommentAction\",\"name\":\"Comment\",\"target\":[\"https:\\\/\\\/corazonexsolidarios.com\\\/index.php\\\/2024\\\/11\\\/13\\\/corazonex-participa-en-la-recogida-de-juguetes-solidarios-con-kidus-badajoz\\\/#respond\"]}]},{\"@type\":\"WebPage\",\"@id\":\"https:\\\/\\\/corazonexsolidarios.com\\\/index.php\\\/2024\\\/11\\\/13\\\/corazonex-participa-en-la-recogida-de-juguetes-solidarios-con-kidus-badajoz\\\/\",\"url\":\"https:\\\/\\\/corazonexsolidarios.com\\\/index.php\\\/2024\\\/11\\\/13\\\/corazonex-participa-en-la-recogida-de-juguetes-solidarios-con-kidus-badajoz\\\/\",\"name\":\"CorazonEx participa en la recogida de juguetes solidarios con Kid&amp;Us Badajoz - Corazonex Solidarios\",\"isPartOf\":{\"@id\":\"https:\\\/\\\/corazonexsolidarios.com\\\/#website\"},\"primaryImageOfPage\":{\"@id\":\"https:\\\/\\\/corazonexsolidarios.com\\\/index.php\\\/2024\\\/11\\\/13\\\/corazonex-participa-en-la-recogida-de-juguetes-solidarios-con-kidus-badajoz\\\/#primaryimage\"},\"image\":{\"@id\":\"https:\\\/\\\/corazonexsolidarios.com\\\/index.php\\\/2024\\\/11\\\/13\\\/corazonex-participa-en-la-recogida-de-juguetes-solidarios-con-kidus-badajoz\\\/#primaryimage\"},\"thumbnailUrl\":\"https:\\\/\\\/corazonexsolidarios.com\\\/wp-content\\\/uploads\\\/2024\\\/11\\\/Captura-de-pantalla-8-e1739528391628.png\",\"datePublished\":\"2024-11-13T10:38:49+00:00\",\"dateModified\":\"2025-03-13T12:50:07+00:00\",\"breadcrumb\":{\"@id\":\"https:\\\/\\\/corazonexsolidarios.com\\\/index.php\\\/2024\\\/11\\\/13\\\/corazonex-participa-en-la-recogida-de-juguetes-solidarios-con-kidus-badajoz\\\/#breadcrumb\"},\"inLanguage\":\"es\",\"potentialAction\":[{\"@type\":\"ReadAction\",\"target\":[\"https:\\\/\\\/corazonexsolidarios.com\\\/index.php\\\/2024\\\/11\\\/13\\\/corazonex-participa-en-la-recogida-de-juguetes-solidarios-con-kidus-badajoz\\\/\"]}]},{\"@type\":\"ImageObject\",\"inLanguage\":\"es\",\"@id\":\"https:\\\/\\\/corazonexsolidarios.com\\\/index.php\\\/2024\\\/11\\\/13\\\/corazonex-participa-en-la-recogida-de-juguetes-solidarios-con-kidus-badajoz\\\/#primaryimage\",\"url\":\"https:\\\/\\\/corazonexsolidarios.com\\\/wp-content\\\/uploads\\\/2024\\\/11\\\/Captura-de-pantalla-8-e1739528391628.png\",\"contentUrl\":\"https:\\\/\\\/corazonexsolidarios.com\\\/wp-content\\\/uploads\\\/2024\\\/11\\\/Captura-de-pantalla-8-e1739528391628.png\",\"width\":800,\"height\":400,\"caption\":\"CorazonEx participa en la recogida de juguetes solidarios con Kid Us Badajoz\"},{\"@type\":\"BreadcrumbList\",\"@id\":\"https:\\\/\\\/corazonexsolidarios.com\\\/index.php\\\/2024\\\/11\\\/13\\\/corazonex-participa-en-la-recogida-de-juguetes-solidarios-con-kidus-badajoz\\\/#breadcrumb\",\"itemListElement\":[{\"@type\":\"ListItem\",\"position\":1,\"name\":\"Portada\",\"item\":\"https:\\\/\\\/corazonexsolidarios.com\\\/\"},{\"@type\":\"ListItem\",\"position\":2,\"name\":\"CorazonEx participa en la recogida de juguetes solidarios con Kid&amp;Us Badajoz\"}]},{\"@type\":\"WebSite\",\"@id\":\"https:\\\/\\\/corazonexsolidarios.com\\\/#website\",\"url\":\"https:\\\/\\\/corazonexsolidarios.com\\\/\",\"name\":\"Corazonex Solidarios\",\"description\":\"Ning\u00fan ni\u00f1o sin ilusi\u00f3n\",\"publisher\":{\"@id\":\"https:\\\/\\\/corazonexsolidarios.com\\\/#organization\"},\"potentialAction\":[{\"@type\":\"SearchAction\",\"target\":{\"@type\":\"EntryPoint\",\"urlTemplate\":\"https:\\\/\\\/corazonexsolidarios.com\\\/?s={search_term_string}\"},\"query-input\":{\"@type\":\"PropertyValueSpecification\",\"valueRequired\":true,\"valueName\":\"search_term_string\"}}],\"inLanguage\":\"es\"},{\"@type\":\"Organization\",\"@id\":\"https:\\\/\\\/corazonexsolidarios.com\\\/#organization\",\"name\":\"Corazonex Solidarios\",\"url\":\"https:\\\/\\\/corazonexsolidarios.com\\\/\",\"logo\":{\"@type\":\"ImageObject\",\"inLanguage\":\"es\",\"@id\":\"https:\\\/\\\/corazonexsolidarios.com\\\/#\\\/schema\\\/logo\\\/image\\\/\",\"url\":\"https:\\\/\\\/corazonexsolidarios.com\\\/wp-content\\\/uploads\\\/2023\\\/10\\\/cropped-cropped-LogoCorazonex.png\",\"contentUrl\":\"https:\\\/\\\/corazonexsolidarios.com\\\/wp-content\\\/uploads\\\/2023\\\/10\\\/cropped-cropped-LogoCorazonex.png\",\"width\":706,\"height\":272,\"caption\":\"Corazonex Solidarios\"},\"image\":{\"@id\":\"https:\\\/\\\/corazonexsolidarios.com\\\/#\\\/schema\\\/logo\\\/image\\\/\"},\"sameAs\":[\"https:\\\/\\\/www.facebook.com\\\/Corazonexsolidarios\",\"https:\\\/\\\/www.instagram.com\\\/corazonexsolidarios\\\/\"]},{\"@type\":\"Person\",\"@id\":\"https:\\\/\\\/corazonexsolidarios.com\\\/#\\\/schema\\\/person\\\/74adce06a6ed56acf23937315f586b1a\",\"name\":\"admin\",\"image\":{\"@type\":\"ImageObject\",\"inLanguage\":\"es\",\"@id\":\"https:\\\/\\\/secure.gravatar.com\\\/avatar\\\/9295a23ea59b650379ae7be01980814bc051a56e8fbba466fbd172967b46761f?s=96&d=mm&r=g\",\"url\":\"https:\\\/\\\/secure.gravatar.com\\\/avatar\\\/9295a23ea59b650379ae7be01980814bc051a56e8fbba466fbd172967b46761f?s=96&d=mm&r=g\",\"contentUrl\":\"https:\\\/\\\/secure.gravatar.com\\\/avatar\\\/9295a23ea59b650379ae7be01980814bc051a56e8fbba466fbd172967b46761f?s=96&d=mm&r=g\",\"caption\":\"admin\"},\"sameAs\":[\"https:\\\/\\\/corazonex.mandarinaagencia.com\"],\"url\":\"https:\\\/\\\/corazonexsolidarios.com\\\/index.php\\\/author\\\/admin\\\/\"}]}<\/script>\n<!-- \/ Yoast SEO plugin. -->","yoast_head_json":{"title":"CorazonEx participa en la recogida de juguetes solidarios con Kid&amp;Us Badajoz - Corazonex Solidarios","robots":{"index":"index","follow":"follow","max-snippet":"max-snippet:-1","max-image-preview":"max-image-preview:large","max-video-preview":"max-video-preview:-1"},"canonical":"https:\/\/corazonexsolidarios.com\/index.php\/2024\/11\/13\/corazonex-participa-en-la-recogida-de-juguetes-solidarios-con-kidus-badajoz\/","og_locale":"es_ES","og_type":"article","og_title":"CorazonEx participa en la recogida de juguetes solidarios con Kid&amp;Us Badajoz - Corazonex Solidarios","og_description":"Un a\u00f1o m\u00e1s, en CorazonEx Solidarios de Extremadura participamos en la recogida de juguetes solidarios para navidad de Kids&amp;Us Badajoz. Desde el 11 de noviembre hasta el 22 de noviembre, ambos inclusive, las escuelas de Kids&amp;Us Badajoz Centro y Valdepasillas, pasan a ser puntos de recogida solidarios de juguetes.\u00a0 En esta nueva edici\u00f3n de recogida queremos aportar nuestro granito de arena a la ciudad, y un a\u00f1o m\u00e1s volvemos a pediros ayuda para ofrecer a todas las familias la posibilidad de abrir regalos el seis de enero. Durante estas dos semanas se ha habilitado una zona de la escuela en la entrada para dejar vuestra colaboraci\u00f3n.\u00a0 \u00a1Gracias a todos por sumaros a esta iniciativa y por confiarnos vuestra solidaridad y empat\u00eda! Fuente: CorazonEx Solidarios","og_url":"https:\/\/corazonexsolidarios.com\/index.php\/2024\/11\/13\/corazonex-participa-en-la-recogida-de-juguetes-solidarios-con-kidus-badajoz\/","og_site_name":"Corazonex Solidarios","article_publisher":"https:\/\/www.facebook.com\/Corazonexsolidarios","article_published_time":"2024-11-13T10:38:49+00:00","article_modified_time":"2025-03-13T12:50:07+00:00","og_image":[{"width":800,"height":400,"url":"https:\/\/corazonexsolidarios.com\/wp-content\/uploads\/2024\/11\/Captura-de-pantalla-8-e1739528391628.png","type":"image\/png"}],"author":"admin","twitter_card":"summary_large_image","twitter_misc":{"Escrito por":"admin","Tiempo de lectura":"1 minuto"},"schema":{"@context":"https:\/\/schema.org","@graph":[{"@type":"Article","@id":"https:\/\/corazonexsolidarios.com\/index.php\/2024\/11\/13\/corazonex-participa-en-la-recogida-de-juguetes-solidarios-con-kidus-badajoz\/#article","isPartOf":{"@id":"https:\/\/corazonexsolidarios.com\/index.php\/2024\/11\/13\/corazonex-participa-en-la-recogida-de-juguetes-solidarios-con-kidus-badajoz\/"},"author":{"name":"admin","@id":"https:\/\/corazonexsolidarios.com\/#\/schema\/person\/74adce06a6ed56acf23937315f586b1a"},"headline":"CorazonEx participa en la recogida de juguetes solidarios con Kid&amp;Us Badajoz","datePublished":"2024-11-13T10:38:49+00:00","dateModified":"2025-03-13T12:50:07+00:00","mainEntityOfPage":{"@id":"https:\/\/corazonexsolidarios.com\/index.php\/2024\/11\/13\/corazonex-participa-en-la-recogida-de-juguetes-solidarios-con-kidus-badajoz\/"},"wordCount":146,"commentCount":0,"publisher":{"@id":"https:\/\/corazonexsolidarios.com\/#organization"},"image":{"@id":"https:\/\/corazonexsolidarios.com\/index.php\/2024\/11\/13\/corazonex-participa-en-la-recogida-de-juguetes-solidarios-con-kidus-badajoz\/#primaryimage"},"thumbnailUrl":"https:\/\/corazonexsolidarios.com\/wp-content\/uploads\/2024\/11\/Captura-de-pantalla-8-e1739528391628.png","keywords":["Actividad"],"articleSection":["Actividades","Noticias","Proyectos Solidarios"],"inLanguage":"es","potentialAction":[{"@type":"CommentAction","name":"Comment","target":["https:\/\/corazonexsolidarios.com\/index.php\/2024\/11\/13\/corazonex-participa-en-la-recogida-de-juguetes-solidarios-con-kidus-badajoz\/#respond"]}]},{"@type":"WebPage","@id":"https:\/\/corazonexsolidarios.com\/index.php\/2024\/11\/13\/corazonex-participa-en-la-recogida-de-juguetes-solidarios-con-kidus-badajoz\/","url":"https:\/\/corazonexsolidarios.com\/index.php\/2024\/11\/13\/corazonex-participa-en-la-recogida-de-juguetes-solidarios-con-kidus-badajoz\/","name":"CorazonEx participa en la recogida de juguetes solidarios con Kid&amp;Us Badajoz - Corazonex Solidarios","isPartOf":{"@id":"https:\/\/corazonexsolidarios.com\/#website"},"primaryImageOfPage":{"@id":"https:\/\/corazonexsolidarios.com\/index.php\/2024\/11\/13\/corazonex-participa-en-la-recogida-de-juguetes-solidarios-con-kidus-badajoz\/#primaryimage"},"image":{"@id":"https:\/\/corazonexsolidarios.com\/index.php\/2024\/11\/13\/corazonex-participa-en-la-recogida-de-juguetes-solidarios-con-kidus-badajoz\/#primaryimage"},"thumbnailUrl":"https:\/\/corazonexsolidarios.com\/wp-content\/uploads\/2024\/11\/Captura-de-pantalla-8-e1739528391628.png","datePublished":"2024-11-13T10:38:49+00:00","dateModified":"2025-03-13T12:50:07+00:00","breadcrumb":{"@id":"https:\/\/corazonexsolidarios.com\/index.php\/2024\/11\/13\/corazonex-participa-en-la-recogida-de-juguetes-solidarios-con-kidus-badajoz\/#breadcrumb"},"inLanguage":"es","potentialAction":[{"@type":"ReadAction","target":["https:\/\/corazonexsolidarios.com\/index.php\/2024\/11\/13\/corazonex-participa-en-la-recogida-de-juguetes-solidarios-con-kidus-badajoz\/"]}]},{"@type":"ImageObject","inLanguage":"es","@id":"https:\/\/corazonexsolidarios.com\/index.php\/2024\/11\/13\/corazonex-participa-en-la-recogida-de-juguetes-solidarios-con-kidus-badajoz\/#primaryimage","url":"https:\/\/corazonexsolidarios.com\/wp-content\/uploads\/2024\/11\/Captura-de-pantalla-8-e1739528391628.png","contentUrl":"https:\/\/corazonexsolidarios.com\/wp-content\/uploads\/2024\/11\/Captura-de-pantalla-8-e1739528391628.png","width":800,"height":400,"caption":"CorazonEx participa en la recogida de juguetes solidarios con Kid Us Badajoz"},{"@type":"BreadcrumbList","@id":"https:\/\/corazonexsolidarios.com\/index.php\/2024\/11\/13\/corazonex-participa-en-la-recogida-de-juguetes-solidarios-con-kidus-badajoz\/#breadcrumb","itemListElement":[{"@type":"ListItem","position":1,"name":"Portada","item":"https:\/\/corazonexsolidarios.com\/"},{"@type":"ListItem","position":2,"name":"CorazonEx participa en la recogida de juguetes solidarios con Kid&amp;Us Badajoz"}]},{"@type":"WebSite","@id":"https:\/\/corazonexsolidarios.com\/#website","url":"https:\/\/corazonexsolidarios.com\/","name":"Corazonex Solidarios","description":"Ning\u00fan ni\u00f1o sin ilusi\u00f3n","publisher":{"@id":"https:\/\/corazonexsolidarios.com\/#organization"},"potentialAction":[{"@type":"SearchAction","target":{"@type":"EntryPoint","urlTemplate":"https:\/\/corazonexsolidarios.com\/?s={search_term_string}"},"query-input":{"@type":"PropertyValueSpecification","valueRequired":true,"valueName":"search_term_string"}}],"inLanguage":"es"},{"@type":"Organization","@id":"https:\/\/corazonexsolidarios.com\/#organization","name":"Corazonex Solidarios","url":"https:\/\/corazonexsolidarios.com\/","logo":{"@type":"ImageObject","inLanguage":"es","@id":"https:\/\/corazonexsolidarios.com\/#\/schema\/logo\/image\/","url":"https:\/\/corazonexsolidarios.com\/wp-content\/uploads\/2023\/10\/cropped-cropped-LogoCorazonex.png","contentUrl":"https:\/\/corazonexsolidarios.com\/wp-content\/uploads\/2023\/10\/cropped-cropped-LogoCorazonex.png","width":706,"height":272,"caption":"Corazonex Solidarios"},"image":{"@id":"https:\/\/corazonexsolidarios.com\/#\/schema\/logo\/image\/"},"sameAs":["https:\/\/www.facebook.com\/Corazonexsolidarios","https:\/\/www.instagram.com\/corazonexsolidarios\/"]},{"@type":"Person","@id":"https:\/\/corazonexsolidarios.com\/#\/schema\/person\/74adce06a6ed56acf23937315f586b1a","name":"admin","image":{"@type":"ImageObject","inLanguage":"es","@id":"https:\/\/secure.gravatar.com\/avatar\/9295a23ea59b650379ae7be01980814bc051a56e8fbba466fbd172967b46761f?s=96&d=mm&r=g","url":"https:\/\/secure.gravatar.com\/avatar\/9295a23ea59b650379ae7be01980814bc051a56e8fbba466fbd172967b46761f?s=96&d=mm&r=g","contentUrl":"https:\/\/secure.gravatar.com\/avatar\/9295a23ea59b650379ae7be01980814bc051a56e8fbba466fbd172967b46761f?s=96&d=mm&r=g","caption":"admin"},"sameAs":["https:\/\/corazonex.mandarinaagencia.com"],"url":"https:\/\/corazonexsolidarios.com\/index.php\/author\/admin\/"}]}},"_links":{"self":[{"href":"https:\/\/corazonexsolidarios.com\/index.php\/wp-json\/wp\/v2\/posts\/1935","targetHints":{"allow":["GET"]}}],"collection":[{"href":"https:\/\/corazonexsolidarios.com\/index.php\/wp-json\/wp\/v2\/posts"}],"about":[{"href":"https:\/\/corazonexsolidarios.com\/index.php\/wp-json\/wp\/v2\/types\/post"}],"author":[{"embeddable":true,"href":"https:\/\/corazonexsolidarios.com\/index.php\/wp-json\/wp\/v2\/users\/1"}],"replies":[{"embeddable":true,"href":"https:\/\/corazonexsolidarios.com\/index.php\/wp-json\/wp\/v2\/comments?post=1935"}],"version-history":[{"count":1,"href":"https:\/\/corazonexsolidarios.com\/index.php\/wp-json\/wp\/v2\/posts\/1935\/revisions"}],"predecessor-version":[{"id":1937,"href":"https:\/\/corazonexsolidarios.com\/index.php\/wp-json\/wp\/v2\/posts\/1935\/revisions\/1937"}],"wp:featuredmedia":[{"embeddable":true,"href":"https:\/\/corazonexsolidarios.com\/index.php\/wp-json\/wp\/v2\/media\/1936"}],"wp:attachment":[{"href":"https:\/\/corazonexsolidarios.com\/index.php\/wp-json\/wp\/v2\/media?parent=1935"}],"wp:term":[{"taxonomy":"category","embeddable":true,"href":"https:\/\/corazonexsolidarios.com\/index.php\/wp-json\/wp\/v2\/categories?post=1935"},{"taxonomy":"post_tag","embeddable":true,"href":"https:\/\/corazonexsolidarios.com\/index.php\/wp-json\/wp\/v2\/tags?post=1935"}],"curies":[{"name":"wp","href":"https:\/\/api.w.org\/{rel}","templated":true}]}}