{"id":2135,"date":"2025-03-05T11:44:00","date_gmt":"2025-03-05T11:44:00","guid":{"rendered":"https:\/\/corazonexsolidarios.com\/?p=2135"},"modified":"2026-02-26T20:42:28","modified_gmt":"2026-02-26T20:42:28","slug":"aficionados-a-los-calibres-pequenos-se-unen-por-una-causa-solidaria-en-caceres","status":"publish","type":"post","link":"https:\/\/corazonexsolidarios.com\/index.php\/2025\/03\/05\/aficionados-a-los-calibres-pequenos-se-unen-por-una-causa-solidaria-en-caceres\/","title":{"rendered":"Encuentro por una causa solidaria en C\u00e1ceres"},"content":{"rendered":"\n<p>El pasado 1 y 2 de marzo, la localidad cacere\u00f1a de Garrovillas de Alcon\u00e9tar acogi\u00f3 un encuentro nacional de aficionados a los calibres peque\u00f1os. Este evento reuni\u00f3 a entusiastas de todo el pa\u00eds, quienes pudieron compartir su pasi\u00f3n, intercambiar experiencias y disfrutar de diversas actividades organizadas para la ocasi\u00f3n. Adem\u00e1s de fomentar la afici\u00f3n por los calibres peque\u00f1os, el encuentro tuvo un importante componente solidario, ya que parte de lo recaudado se destinar\u00e1 a nuestra asociaci\u00f3n para apoyar a ni\u00f1os extreme\u00f1os con enfermedades raras.<br><br>El evento no solo permiti\u00f3 a los asistentes disfrutar de su afici\u00f3n, sino que tambi\u00e9n se convirti\u00f3 en un punto de encuentro para reforzar lazos entre personas con intereses comunes. La participaci\u00f3n fue un \u00e9xito, con numerosos aficionados que se acercaron desde diferentes puntos del pa\u00eds para sumarse a esta cita. La combinaci\u00f3n de entretenimiento, aprendizaje y solidaridad hizo que la experiencia fuera inolvidable para todos los presentes.<\/p>\n\n\n\n<p>El acto de clausura fue especialmente emotivo. En este marco, Julio Rodr\u00edguez, organizador del evento, recibi\u00f3 una placa en reconocimiento a su esp\u00edritu solidario y a su esfuerzo en la organizaci\u00f3n de esta iniciativa. La entrega del reconocimiento fue realizada por Alberto Covars\u00ed, presidente de nuestra asociaci\u00f3n, quien destac\u00f3 la importancia de este tipo de eventos para seguir brindando apoyo a quienes m\u00e1s lo necesitan.<\/p>\n\n\n\n<p>Desde nuestra asociaci\u00f3n, queremos expresar nuestro m\u00e1s sincero agradecimiento a todos los que hicieron posible este encuentro: participantes, organizadores, patrocinadores y voluntarios. Su implicaci\u00f3n y solidaridad han permitido que podamos seguir adelante con nuestra labor y mejorar la calidad de vida de muchos ni\u00f1os extreme\u00f1os afectados por enfermedades raras.<\/p>\n\n\n\n<p>\u00a1Gracias a todos los que colaboraron con nosotros y contribuyeron a que esta iniciativa fuera un \u00e9xito!<br><br><br><br>Fuente: CorazonEx Solidarios<\/p>\n\n\n\n<p><\/p>\n","protected":false},"excerpt":{"rendered":"<p>El pasado 1 y 2 de marzo, la localidad cacere\u00f1a de Garrovillas de Alcon\u00e9tar acogi\u00f3 un encuentro nacional de aficionados a los calibres peque\u00f1os. Este evento reuni\u00f3 a entusiastas de todo el pa\u00eds, quienes pudieron compartir su pasi\u00f3n, intercambiar experiencias y disfrutar de diversas actividades organizadas para la ocasi\u00f3n. Adem\u00e1s de fomentar la afici\u00f3n por los calibres peque\u00f1os, el encuentro tuvo un importante componente solidario, ya que parte de lo recaudado se destinar\u00e1 a nuestra asociaci\u00f3n para apoyar a ni\u00f1os extreme\u00f1os con enfermedades raras. El evento no solo permiti\u00f3 a los asistentes disfrutar de su afici\u00f3n, sino que tambi\u00e9n se convirti\u00f3 en un punto de encuentro para reforzar lazos entre personas con intereses comunes. La participaci\u00f3n fue un \u00e9xito, con numerosos aficionados que se acercaron desde diferentes puntos del pa\u00eds para sumarse a esta cita. La combinaci\u00f3n de entretenimiento, aprendizaje y solidaridad hizo que la experiencia fuera inolvidable para todos los presentes. El acto de clausura fue especialmente emotivo. En este marco, Julio Rodr\u00edguez, organizador del evento, recibi\u00f3 una placa en reconocimiento a su esp\u00edritu solidario y a su esfuerzo en la organizaci\u00f3n de esta iniciativa. La entrega del reconocimiento fue realizada por Alberto Covars\u00ed, presidente de nuestra asociaci\u00f3n, quien destac\u00f3 la importancia de este tipo de eventos para seguir brindando apoyo a quienes m\u00e1s lo necesitan. Desde nuestra asociaci\u00f3n, queremos expresar nuestro m\u00e1s sincero agradecimiento a todos los que hicieron posible este encuentro: participantes, organizadores, patrocinadores y voluntarios. Su implicaci\u00f3n y solidaridad han permitido que podamos seguir adelante con nuestra labor y mejorar la calidad de vida de muchos ni\u00f1os extreme\u00f1os afectados por enfermedades raras. \u00a1Gracias a todos los que colaboraron con nosotros y contribuyeron a que esta iniciativa fuera un \u00e9xito! Fuente: CorazonEx Solidarios<\/p>\n","protected":false},"author":1,"featured_media":2136,"comment_status":"open","ping_status":"open","sticky":false,"template":"","format":"standard","meta":{"footnotes":""},"categories":[22],"tags":[44],"class_list":["post-2135","post","type-post","status-publish","format-standard","has-post-thumbnail","hentry","category-noticias","tag-noticia"],"yoast_head":"<!-- This site is optimized with the Yoast SEO plugin v27.5 - https:\/\/yoast.com\/product\/yoast-seo-wordpress\/ -->\n<title>Encuentro por una causa solidaria en C\u00e1ceres - Corazonex Solidarios<\/title>\n<meta name=\"robots\" content=\"index, follow, max-snippet:-1, max-image-preview:large, max-video-preview:-1\" \/>\n<link rel=\"canonical\" href=\"https:\/\/corazonexsolidarios.com\/index.php\/2025\/03\/05\/aficionados-a-los-calibres-pequenos-se-unen-por-una-causa-solidaria-en-caceres\/\" \/>\n<meta property=\"og:locale\" content=\"es_ES\" \/>\n<meta property=\"og:type\" content=\"article\" \/>\n<meta property=\"og:title\" content=\"Encuentro por una causa solidaria en C\u00e1ceres - Corazonex Solidarios\" \/>\n<meta property=\"og:description\" content=\"El pasado 1 y 2 de marzo, la localidad cacere\u00f1a de Garrovillas de Alcon\u00e9tar acogi\u00f3 un encuentro nacional de aficionados a los calibres peque\u00f1os. Este evento reuni\u00f3 a entusiastas de todo el pa\u00eds, quienes pudieron compartir su pasi\u00f3n, intercambiar experiencias y disfrutar de diversas actividades organizadas para la ocasi\u00f3n. Adem\u00e1s de fomentar la afici\u00f3n por los calibres peque\u00f1os, el encuentro tuvo un importante componente solidario, ya que parte de lo recaudado se destinar\u00e1 a nuestra asociaci\u00f3n para apoyar a ni\u00f1os extreme\u00f1os con enfermedades raras. El evento no solo permiti\u00f3 a los asistentes disfrutar de su afici\u00f3n, sino que tambi\u00e9n se convirti\u00f3 en un punto de encuentro para reforzar lazos entre personas con intereses comunes. La participaci\u00f3n fue un \u00e9xito, con numerosos aficionados que se acercaron desde diferentes puntos del pa\u00eds para sumarse a esta cita. La combinaci\u00f3n de entretenimiento, aprendizaje y solidaridad hizo que la experiencia fuera inolvidable para todos los presentes. El acto de clausura fue especialmente emotivo. En este marco, Julio Rodr\u00edguez, organizador del evento, recibi\u00f3 una placa en reconocimiento a su esp\u00edritu solidario y a su esfuerzo en la organizaci\u00f3n de esta iniciativa. La entrega del reconocimiento fue realizada por Alberto Covars\u00ed, presidente de nuestra asociaci\u00f3n, quien destac\u00f3 la importancia de este tipo de eventos para seguir brindando apoyo a quienes m\u00e1s lo necesitan. Desde nuestra asociaci\u00f3n, queremos expresar nuestro m\u00e1s sincero agradecimiento a todos los que hicieron posible este encuentro: participantes, organizadores, patrocinadores y voluntarios. Su implicaci\u00f3n y solidaridad han permitido que podamos seguir adelante con nuestra labor y mejorar la calidad de vida de muchos ni\u00f1os extreme\u00f1os afectados por enfermedades raras. \u00a1Gracias a todos los que colaboraron con nosotros y contribuyeron a que esta iniciativa fuera un \u00e9xito! Fuente: CorazonEx Solidarios\" \/>\n<meta property=\"og:url\" content=\"https:\/\/corazonexsolidarios.com\/index.php\/2025\/03\/05\/aficionados-a-los-calibres-pequenos-se-unen-por-una-causa-solidaria-en-caceres\/\" \/>\n<meta property=\"og:site_name\" content=\"Corazonex Solidarios\" \/>\n<meta property=\"article:publisher\" content=\"https:\/\/www.facebook.com\/Corazonexsolidarios\" \/>\n<meta property=\"article:published_time\" content=\"2025-03-05T11:44:00+00:00\" \/>\n<meta property=\"article:modified_time\" content=\"2026-02-26T20:42:28+00:00\" \/>\n<meta property=\"og:image\" content=\"http:\/\/corazonexsolidarios.com\/wp-content\/uploads\/2025\/03\/Imagen-de-WhatsApp-2025-03-05-a-las-10.03.41_a98c54f1-e1741174407518.jpg\" \/>\n\t<meta property=\"og:image:width\" content=\"800\" \/>\n\t<meta property=\"og:image:height\" content=\"400\" \/>\n\t<meta property=\"og:image:type\" content=\"image\/jpeg\" \/>\n<meta name=\"author\" content=\"admin\" \/>\n<meta name=\"twitter:card\" content=\"summary_large_image\" \/>\n<meta name=\"twitter:label1\" content=\"Escrito por\" \/>\n\t<meta name=\"twitter:data1\" content=\"admin\" \/>\n\t<meta name=\"twitter:label2\" content=\"Tiempo de lectura\" \/>\n\t<meta name=\"twitter:data2\" content=\"2 minutos\" \/>\n<script type=\"application\/ld+json\" class=\"yoast-schema-graph\">{\"@context\":\"https:\\\/\\\/schema.org\",\"@graph\":[{\"@type\":\"Article\",\"@id\":\"https:\\\/\\\/corazonexsolidarios.com\\\/index.php\\\/2025\\\/03\\\/05\\\/aficionados-a-los-calibres-pequenos-se-unen-por-una-causa-solidaria-en-caceres\\\/#article\",\"isPartOf\":{\"@id\":\"https:\\\/\\\/corazonexsolidarios.com\\\/index.php\\\/2025\\\/03\\\/05\\\/aficionados-a-los-calibres-pequenos-se-unen-por-una-causa-solidaria-en-caceres\\\/\"},\"author\":{\"name\":\"admin\",\"@id\":\"https:\\\/\\\/corazonexsolidarios.com\\\/#\\\/schema\\\/person\\\/74adce06a6ed56acf23937315f586b1a\"},\"headline\":\"Encuentro por una causa solidaria en C\u00e1ceres\",\"datePublished\":\"2025-03-05T11:44:00+00:00\",\"dateModified\":\"2026-02-26T20:42:28+00:00\",\"mainEntityOfPage\":{\"@id\":\"https:\\\/\\\/corazonexsolidarios.com\\\/index.php\\\/2025\\\/03\\\/05\\\/aficionados-a-los-calibres-pequenos-se-unen-por-una-causa-solidaria-en-caceres\\\/\"},\"wordCount\":319,\"commentCount\":0,\"publisher\":{\"@id\":\"https:\\\/\\\/corazonexsolidarios.com\\\/#organization\"},\"image\":{\"@id\":\"https:\\\/\\\/corazonexsolidarios.com\\\/index.php\\\/2025\\\/03\\\/05\\\/aficionados-a-los-calibres-pequenos-se-unen-por-una-causa-solidaria-en-caceres\\\/#primaryimage\"},\"thumbnailUrl\":\"https:\\\/\\\/corazonexsolidarios.com\\\/wp-content\\\/uploads\\\/2025\\\/03\\\/Imagen-de-WhatsApp-2025-03-05-a-las-10.03.41_a98c54f1-e1741174407518.jpg\",\"keywords\":[\"Noticia\"],\"articleSection\":[\"Noticias\"],\"inLanguage\":\"es\",\"potentialAction\":[{\"@type\":\"CommentAction\",\"name\":\"Comment\",\"target\":[\"https:\\\/\\\/corazonexsolidarios.com\\\/index.php\\\/2025\\\/03\\\/05\\\/aficionados-a-los-calibres-pequenos-se-unen-por-una-causa-solidaria-en-caceres\\\/#respond\"]}]},{\"@type\":\"WebPage\",\"@id\":\"https:\\\/\\\/corazonexsolidarios.com\\\/index.php\\\/2025\\\/03\\\/05\\\/aficionados-a-los-calibres-pequenos-se-unen-por-una-causa-solidaria-en-caceres\\\/\",\"url\":\"https:\\\/\\\/corazonexsolidarios.com\\\/index.php\\\/2025\\\/03\\\/05\\\/aficionados-a-los-calibres-pequenos-se-unen-por-una-causa-solidaria-en-caceres\\\/\",\"name\":\"Encuentro por una causa solidaria en C\u00e1ceres - Corazonex Solidarios\",\"isPartOf\":{\"@id\":\"https:\\\/\\\/corazonexsolidarios.com\\\/#website\"},\"primaryImageOfPage\":{\"@id\":\"https:\\\/\\\/corazonexsolidarios.com\\\/index.php\\\/2025\\\/03\\\/05\\\/aficionados-a-los-calibres-pequenos-se-unen-por-una-causa-solidaria-en-caceres\\\/#primaryimage\"},\"image\":{\"@id\":\"https:\\\/\\\/corazonexsolidarios.com\\\/index.php\\\/2025\\\/03\\\/05\\\/aficionados-a-los-calibres-pequenos-se-unen-por-una-causa-solidaria-en-caceres\\\/#primaryimage\"},\"thumbnailUrl\":\"https:\\\/\\\/corazonexsolidarios.com\\\/wp-content\\\/uploads\\\/2025\\\/03\\\/Imagen-de-WhatsApp-2025-03-05-a-las-10.03.41_a98c54f1-e1741174407518.jpg\",\"datePublished\":\"2025-03-05T11:44:00+00:00\",\"dateModified\":\"2026-02-26T20:42:28+00:00\",\"breadcrumb\":{\"@id\":\"https:\\\/\\\/corazonexsolidarios.com\\\/index.php\\\/2025\\\/03\\\/05\\\/aficionados-a-los-calibres-pequenos-se-unen-por-una-causa-solidaria-en-caceres\\\/#breadcrumb\"},\"inLanguage\":\"es\",\"potentialAction\":[{\"@type\":\"ReadAction\",\"target\":[\"https:\\\/\\\/corazonexsolidarios.com\\\/index.php\\\/2025\\\/03\\\/05\\\/aficionados-a-los-calibres-pequenos-se-unen-por-una-causa-solidaria-en-caceres\\\/\"]}]},{\"@type\":\"ImageObject\",\"inLanguage\":\"es\",\"@id\":\"https:\\\/\\\/corazonexsolidarios.com\\\/index.php\\\/2025\\\/03\\\/05\\\/aficionados-a-los-calibres-pequenos-se-unen-por-una-causa-solidaria-en-caceres\\\/#primaryimage\",\"url\":\"https:\\\/\\\/corazonexsolidarios.com\\\/wp-content\\\/uploads\\\/2025\\\/03\\\/Imagen-de-WhatsApp-2025-03-05-a-las-10.03.41_a98c54f1-e1741174407518.jpg\",\"contentUrl\":\"https:\\\/\\\/corazonexsolidarios.com\\\/wp-content\\\/uploads\\\/2025\\\/03\\\/Imagen-de-WhatsApp-2025-03-05-a-las-10.03.41_a98c54f1-e1741174407518.jpg\",\"width\":800,\"height\":400},{\"@type\":\"BreadcrumbList\",\"@id\":\"https:\\\/\\\/corazonexsolidarios.com\\\/index.php\\\/2025\\\/03\\\/05\\\/aficionados-a-los-calibres-pequenos-se-unen-por-una-causa-solidaria-en-caceres\\\/#breadcrumb\",\"itemListElement\":[{\"@type\":\"ListItem\",\"position\":1,\"name\":\"Portada\",\"item\":\"https:\\\/\\\/corazonexsolidarios.com\\\/\"},{\"@type\":\"ListItem\",\"position\":2,\"name\":\"Encuentro por una causa solidaria en C\u00e1ceres\"}]},{\"@type\":\"WebSite\",\"@id\":\"https:\\\/\\\/corazonexsolidarios.com\\\/#website\",\"url\":\"https:\\\/\\\/corazonexsolidarios.com\\\/\",\"name\":\"Corazonex Solidarios\",\"description\":\"Ning\u00fan ni\u00f1o sin ilusi\u00f3n\",\"publisher\":{\"@id\":\"https:\\\/\\\/corazonexsolidarios.com\\\/#organization\"},\"potentialAction\":[{\"@type\":\"SearchAction\",\"target\":{\"@type\":\"EntryPoint\",\"urlTemplate\":\"https:\\\/\\\/corazonexsolidarios.com\\\/?s={search_term_string}\"},\"query-input\":{\"@type\":\"PropertyValueSpecification\",\"valueRequired\":true,\"valueName\":\"search_term_string\"}}],\"inLanguage\":\"es\"},{\"@type\":\"Organization\",\"@id\":\"https:\\\/\\\/corazonexsolidarios.com\\\/#organization\",\"name\":\"Corazonex Solidarios\",\"url\":\"https:\\\/\\\/corazonexsolidarios.com\\\/\",\"logo\":{\"@type\":\"ImageObject\",\"inLanguage\":\"es\",\"@id\":\"https:\\\/\\\/corazonexsolidarios.com\\\/#\\\/schema\\\/logo\\\/image\\\/\",\"url\":\"https:\\\/\\\/corazonexsolidarios.com\\\/wp-content\\\/uploads\\\/2023\\\/10\\\/cropped-cropped-LogoCorazonex.png\",\"contentUrl\":\"https:\\\/\\\/corazonexsolidarios.com\\\/wp-content\\\/uploads\\\/2023\\\/10\\\/cropped-cropped-LogoCorazonex.png\",\"width\":706,\"height\":272,\"caption\":\"Corazonex Solidarios\"},\"image\":{\"@id\":\"https:\\\/\\\/corazonexsolidarios.com\\\/#\\\/schema\\\/logo\\\/image\\\/\"},\"sameAs\":[\"https:\\\/\\\/www.facebook.com\\\/Corazonexsolidarios\",\"https:\\\/\\\/www.instagram.com\\\/corazonexsolidarios\\\/\"]},{\"@type\":\"Person\",\"@id\":\"https:\\\/\\\/corazonexsolidarios.com\\\/#\\\/schema\\\/person\\\/74adce06a6ed56acf23937315f586b1a\",\"name\":\"admin\",\"image\":{\"@type\":\"ImageObject\",\"inLanguage\":\"es\",\"@id\":\"https:\\\/\\\/secure.gravatar.com\\\/avatar\\\/9295a23ea59b650379ae7be01980814bc051a56e8fbba466fbd172967b46761f?s=96&d=mm&r=g\",\"url\":\"https:\\\/\\\/secure.gravatar.com\\\/avatar\\\/9295a23ea59b650379ae7be01980814bc051a56e8fbba466fbd172967b46761f?s=96&d=mm&r=g\",\"contentUrl\":\"https:\\\/\\\/secure.gravatar.com\\\/avatar\\\/9295a23ea59b650379ae7be01980814bc051a56e8fbba466fbd172967b46761f?s=96&d=mm&r=g\",\"caption\":\"admin\"},\"sameAs\":[\"https:\\\/\\\/corazonex.mandarinaagencia.com\"],\"url\":\"https:\\\/\\\/corazonexsolidarios.com\\\/index.php\\\/author\\\/admin\\\/\"}]}<\/script>\n<!-- \/ Yoast SEO plugin. -->","yoast_head_json":{"title":"Encuentro por una causa solidaria en C\u00e1ceres - Corazonex Solidarios","robots":{"index":"index","follow":"follow","max-snippet":"max-snippet:-1","max-image-preview":"max-image-preview:large","max-video-preview":"max-video-preview:-1"},"canonical":"https:\/\/corazonexsolidarios.com\/index.php\/2025\/03\/05\/aficionados-a-los-calibres-pequenos-se-unen-por-una-causa-solidaria-en-caceres\/","og_locale":"es_ES","og_type":"article","og_title":"Encuentro por una causa solidaria en C\u00e1ceres - Corazonex Solidarios","og_description":"El pasado 1 y 2 de marzo, la localidad cacere\u00f1a de Garrovillas de Alcon\u00e9tar acogi\u00f3 un encuentro nacional de aficionados a los calibres peque\u00f1os. Este evento reuni\u00f3 a entusiastas de todo el pa\u00eds, quienes pudieron compartir su pasi\u00f3n, intercambiar experiencias y disfrutar de diversas actividades organizadas para la ocasi\u00f3n. Adem\u00e1s de fomentar la afici\u00f3n por los calibres peque\u00f1os, el encuentro tuvo un importante componente solidario, ya que parte de lo recaudado se destinar\u00e1 a nuestra asociaci\u00f3n para apoyar a ni\u00f1os extreme\u00f1os con enfermedades raras. El evento no solo permiti\u00f3 a los asistentes disfrutar de su afici\u00f3n, sino que tambi\u00e9n se convirti\u00f3 en un punto de encuentro para reforzar lazos entre personas con intereses comunes. La participaci\u00f3n fue un \u00e9xito, con numerosos aficionados que se acercaron desde diferentes puntos del pa\u00eds para sumarse a esta cita. La combinaci\u00f3n de entretenimiento, aprendizaje y solidaridad hizo que la experiencia fuera inolvidable para todos los presentes. El acto de clausura fue especialmente emotivo. En este marco, Julio Rodr\u00edguez, organizador del evento, recibi\u00f3 una placa en reconocimiento a su esp\u00edritu solidario y a su esfuerzo en la organizaci\u00f3n de esta iniciativa. La entrega del reconocimiento fue realizada por Alberto Covars\u00ed, presidente de nuestra asociaci\u00f3n, quien destac\u00f3 la importancia de este tipo de eventos para seguir brindando apoyo a quienes m\u00e1s lo necesitan. Desde nuestra asociaci\u00f3n, queremos expresar nuestro m\u00e1s sincero agradecimiento a todos los que hicieron posible este encuentro: participantes, organizadores, patrocinadores y voluntarios. Su implicaci\u00f3n y solidaridad han permitido que podamos seguir adelante con nuestra labor y mejorar la calidad de vida de muchos ni\u00f1os extreme\u00f1os afectados por enfermedades raras. \u00a1Gracias a todos los que colaboraron con nosotros y contribuyeron a que esta iniciativa fuera un \u00e9xito! Fuente: CorazonEx Solidarios","og_url":"https:\/\/corazonexsolidarios.com\/index.php\/2025\/03\/05\/aficionados-a-los-calibres-pequenos-se-unen-por-una-causa-solidaria-en-caceres\/","og_site_name":"Corazonex Solidarios","article_publisher":"https:\/\/www.facebook.com\/Corazonexsolidarios","article_published_time":"2025-03-05T11:44:00+00:00","article_modified_time":"2026-02-26T20:42:28+00:00","og_image":[{"width":800,"height":400,"url":"http:\/\/corazonexsolidarios.com\/wp-content\/uploads\/2025\/03\/Imagen-de-WhatsApp-2025-03-05-a-las-10.03.41_a98c54f1-e1741174407518.jpg","type":"image\/jpeg"}],"author":"admin","twitter_card":"summary_large_image","twitter_misc":{"Escrito por":"admin","Tiempo de lectura":"2 minutos"},"schema":{"@context":"https:\/\/schema.org","@graph":[{"@type":"Article","@id":"https:\/\/corazonexsolidarios.com\/index.php\/2025\/03\/05\/aficionados-a-los-calibres-pequenos-se-unen-por-una-causa-solidaria-en-caceres\/#article","isPartOf":{"@id":"https:\/\/corazonexsolidarios.com\/index.php\/2025\/03\/05\/aficionados-a-los-calibres-pequenos-se-unen-por-una-causa-solidaria-en-caceres\/"},"author":{"name":"admin","@id":"https:\/\/corazonexsolidarios.com\/#\/schema\/person\/74adce06a6ed56acf23937315f586b1a"},"headline":"Encuentro por una causa solidaria en C\u00e1ceres","datePublished":"2025-03-05T11:44:00+00:00","dateModified":"2026-02-26T20:42:28+00:00","mainEntityOfPage":{"@id":"https:\/\/corazonexsolidarios.com\/index.php\/2025\/03\/05\/aficionados-a-los-calibres-pequenos-se-unen-por-una-causa-solidaria-en-caceres\/"},"wordCount":319,"commentCount":0,"publisher":{"@id":"https:\/\/corazonexsolidarios.com\/#organization"},"image":{"@id":"https:\/\/corazonexsolidarios.com\/index.php\/2025\/03\/05\/aficionados-a-los-calibres-pequenos-se-unen-por-una-causa-solidaria-en-caceres\/#primaryimage"},"thumbnailUrl":"https:\/\/corazonexsolidarios.com\/wp-content\/uploads\/2025\/03\/Imagen-de-WhatsApp-2025-03-05-a-las-10.03.41_a98c54f1-e1741174407518.jpg","keywords":["Noticia"],"articleSection":["Noticias"],"inLanguage":"es","potentialAction":[{"@type":"CommentAction","name":"Comment","target":["https:\/\/corazonexsolidarios.com\/index.php\/2025\/03\/05\/aficionados-a-los-calibres-pequenos-se-unen-por-una-causa-solidaria-en-caceres\/#respond"]}]},{"@type":"WebPage","@id":"https:\/\/corazonexsolidarios.com\/index.php\/2025\/03\/05\/aficionados-a-los-calibres-pequenos-se-unen-por-una-causa-solidaria-en-caceres\/","url":"https:\/\/corazonexsolidarios.com\/index.php\/2025\/03\/05\/aficionados-a-los-calibres-pequenos-se-unen-por-una-causa-solidaria-en-caceres\/","name":"Encuentro por una causa solidaria en C\u00e1ceres - Corazonex Solidarios","isPartOf":{"@id":"https:\/\/corazonexsolidarios.com\/#website"},"primaryImageOfPage":{"@id":"https:\/\/corazonexsolidarios.com\/index.php\/2025\/03\/05\/aficionados-a-los-calibres-pequenos-se-unen-por-una-causa-solidaria-en-caceres\/#primaryimage"},"image":{"@id":"https:\/\/corazonexsolidarios.com\/index.php\/2025\/03\/05\/aficionados-a-los-calibres-pequenos-se-unen-por-una-causa-solidaria-en-caceres\/#primaryimage"},"thumbnailUrl":"https:\/\/corazonexsolidarios.com\/wp-content\/uploads\/2025\/03\/Imagen-de-WhatsApp-2025-03-05-a-las-10.03.41_a98c54f1-e1741174407518.jpg","datePublished":"2025-03-05T11:44:00+00:00","dateModified":"2026-02-26T20:42:28+00:00","breadcrumb":{"@id":"https:\/\/corazonexsolidarios.com\/index.php\/2025\/03\/05\/aficionados-a-los-calibres-pequenos-se-unen-por-una-causa-solidaria-en-caceres\/#breadcrumb"},"inLanguage":"es","potentialAction":[{"@type":"ReadAction","target":["https:\/\/corazonexsolidarios.com\/index.php\/2025\/03\/05\/aficionados-a-los-calibres-pequenos-se-unen-por-una-causa-solidaria-en-caceres\/"]}]},{"@type":"ImageObject","inLanguage":"es","@id":"https:\/\/corazonexsolidarios.com\/index.php\/2025\/03\/05\/aficionados-a-los-calibres-pequenos-se-unen-por-una-causa-solidaria-en-caceres\/#primaryimage","url":"https:\/\/corazonexsolidarios.com\/wp-content\/uploads\/2025\/03\/Imagen-de-WhatsApp-2025-03-05-a-las-10.03.41_a98c54f1-e1741174407518.jpg","contentUrl":"https:\/\/corazonexsolidarios.com\/wp-content\/uploads\/2025\/03\/Imagen-de-WhatsApp-2025-03-05-a-las-10.03.41_a98c54f1-e1741174407518.jpg","width":800,"height":400},{"@type":"BreadcrumbList","@id":"https:\/\/corazonexsolidarios.com\/index.php\/2025\/03\/05\/aficionados-a-los-calibres-pequenos-se-unen-por-una-causa-solidaria-en-caceres\/#breadcrumb","itemListElement":[{"@type":"ListItem","position":1,"name":"Portada","item":"https:\/\/corazonexsolidarios.com\/"},{"@type":"ListItem","position":2,"name":"Encuentro por una causa solidaria en C\u00e1ceres"}]},{"@type":"WebSite","@id":"https:\/\/corazonexsolidarios.com\/#website","url":"https:\/\/corazonexsolidarios.com\/","name":"Corazonex Solidarios","description":"Ning\u00fan ni\u00f1o sin ilusi\u00f3n","publisher":{"@id":"https:\/\/corazonexsolidarios.com\/#organization"},"potentialAction":[{"@type":"SearchAction","target":{"@type":"EntryPoint","urlTemplate":"https:\/\/corazonexsolidarios.com\/?s={search_term_string}"},"query-input":{"@type":"PropertyValueSpecification","valueRequired":true,"valueName":"search_term_string"}}],"inLanguage":"es"},{"@type":"Organization","@id":"https:\/\/corazonexsolidarios.com\/#organization","name":"Corazonex Solidarios","url":"https:\/\/corazonexsolidarios.com\/","logo":{"@type":"ImageObject","inLanguage":"es","@id":"https:\/\/corazonexsolidarios.com\/#\/schema\/logo\/image\/","url":"https:\/\/corazonexsolidarios.com\/wp-content\/uploads\/2023\/10\/cropped-cropped-LogoCorazonex.png","contentUrl":"https:\/\/corazonexsolidarios.com\/wp-content\/uploads\/2023\/10\/cropped-cropped-LogoCorazonex.png","width":706,"height":272,"caption":"Corazonex Solidarios"},"image":{"@id":"https:\/\/corazonexsolidarios.com\/#\/schema\/logo\/image\/"},"sameAs":["https:\/\/www.facebook.com\/Corazonexsolidarios","https:\/\/www.instagram.com\/corazonexsolidarios\/"]},{"@type":"Person","@id":"https:\/\/corazonexsolidarios.com\/#\/schema\/person\/74adce06a6ed56acf23937315f586b1a","name":"admin","image":{"@type":"ImageObject","inLanguage":"es","@id":"https:\/\/secure.gravatar.com\/avatar\/9295a23ea59b650379ae7be01980814bc051a56e8fbba466fbd172967b46761f?s=96&d=mm&r=g","url":"https:\/\/secure.gravatar.com\/avatar\/9295a23ea59b650379ae7be01980814bc051a56e8fbba466fbd172967b46761f?s=96&d=mm&r=g","contentUrl":"https:\/\/secure.gravatar.com\/avatar\/9295a23ea59b650379ae7be01980814bc051a56e8fbba466fbd172967b46761f?s=96&d=mm&r=g","caption":"admin"},"sameAs":["https:\/\/corazonex.mandarinaagencia.com"],"url":"https:\/\/corazonexsolidarios.com\/index.php\/author\/admin\/"}]}},"_links":{"self":[{"href":"https:\/\/corazonexsolidarios.com\/index.php\/wp-json\/wp\/v2\/posts\/2135","targetHints":{"allow":["GET"]}}],"collection":[{"href":"https:\/\/corazonexsolidarios.com\/index.php\/wp-json\/wp\/v2\/posts"}],"about":[{"href":"https:\/\/corazonexsolidarios.com\/index.php\/wp-json\/wp\/v2\/types\/post"}],"author":[{"embeddable":true,"href":"https:\/\/corazonexsolidarios.com\/index.php\/wp-json\/wp\/v2\/users\/1"}],"replies":[{"embeddable":true,"href":"https:\/\/corazonexsolidarios.com\/index.php\/wp-json\/wp\/v2\/comments?post=2135"}],"version-history":[{"count":3,"href":"https:\/\/corazonexsolidarios.com\/index.php\/wp-json\/wp\/v2\/posts\/2135\/revisions"}],"predecessor-version":[{"id":2145,"href":"https:\/\/corazonexsolidarios.com\/index.php\/wp-json\/wp\/v2\/posts\/2135\/revisions\/2145"}],"wp:featuredmedia":[{"embeddable":true,"href":"https:\/\/corazonexsolidarios.com\/index.php\/wp-json\/wp\/v2\/media\/2136"}],"wp:attachment":[{"href":"https:\/\/corazonexsolidarios.com\/index.php\/wp-json\/wp\/v2\/media?parent=2135"}],"wp:term":[{"taxonomy":"category","embeddable":true,"href":"https:\/\/corazonexsolidarios.com\/index.php\/wp-json\/wp\/v2\/categories?post=2135"},{"taxonomy":"post_tag","embeddable":true,"href":"https:\/\/corazonexsolidarios.com\/index.php\/wp-json\/wp\/v2\/tags?post=2135"}],"curies":[{"name":"wp","href":"https:\/\/api.w.org\/{rel}","templated":true}]}}