{"id":2524,"date":"2026-03-05T20:45:14","date_gmt":"2026-03-05T20:45:14","guid":{"rendered":"https:\/\/corazonexsolidarios.com\/?p=2524"},"modified":"2026-03-05T20:45:16","modified_gmt":"2026-03-05T20:45:16","slug":"corazonex-noche-tercer-sector-extremadura-gracias-diario-hoy","status":"publish","type":"post","link":"https:\/\/corazonexsolidarios.com\/index.php\/2026\/03\/05\/corazonex-noche-tercer-sector-extremadura-gracias-diario-hoy\/","title":{"rendered":"CorazonEx Solidarios en una noche dedicada al tercer sector en Extremadura: gracias al Diario HOY por invitarnos"},"content":{"rendered":"\n<p>El pasado 3 de marzo asistimos en Badajoz a una velada que puso el foco en lo que de verdad sostiene muchas cosas cuando se complican: el tercer sector en Extremadura. El encuentro, titulado \u201cMagia y compromiso social en una noche dedicada al tercer sector\u201d, estuvo organizado por el Diario HOY con la colaboraci\u00f3n de la Fundaci\u00f3n \u201cla Caixa\u201d, y reuni\u00f3 a entidades sociales, responsables institucionales y agentes implicados en mejorar la vida de las personas m\u00e1s vulnerables.<\/p>\n\n\n\n<p><strong>Una velada en Badajoz para dar voz al tercer sector<\/strong><\/p>\n\n\n\n<p>El acto se celebr\u00f3 en el Hotel Zurbar\u00e1n y tuvo un objetivo muy claro: reconocer, visibilizar y reforzar la idea de que colaborar no es \u201calgo puntual\u201d, sino una forma de estar en el mundo. Nosotr@s estuvimos representad@s por nuestro presidente, Alberto Covars\u00ed, y quer\u00edamos cont\u00e1rtelo de forma sencilla: nos hace ilusi\u00f3n formar parte de espacios donde se habla del trabajo social con respeto, con cercan\u00eda y con ganas de sumar.<\/p>\n\n\n\n<p><strong>HOY Solidario como altavoz de entidades sociales<\/strong><\/p>\n\n\n\n<p>Durante la velada se destac\u00f3 el papel de HOY Solidario, una plataforma que funciona como punto de encuentro y altavoz para noticias e iniciativas impulsadas por entidades del tercer sector. Que un medio apueste por dar continuidad a estas historias importa, porque convierte la solidaridad en algo m\u00e1s visible y m\u00e1s real.<\/p>\n\n\n\n<p><strong>Magia, humor y un mensaje claro: creer para transformar<\/strong><\/p>\n\n\n\n<p>El cierre lo puso el mentalista Vicente de Lucca, con un espect\u00e1culo que mezcl\u00f3 humor y sorpresa, y que dej\u00f3 una idea que encaja muy bien con todo esto: para transformar hay que creer antes de ver el resultado. Y eso es justamente lo que hace el tercer sector cada d\u00eda: trabajar hoy pensando en el ma\u00f1ana, aunque el camino no siempre sea f\u00e1cil.<\/p>\n\n\n\n<p><strong>Nuestro agradecimiento a HOY por contar con nosotr@s<\/strong><\/p>\n\n\n\n<p>Gracias al Diario HOY por la invitaci\u00f3n y por dejarnos ser parte de una noche marcada por el compromiso social. Salimos con una sensaci\u00f3n muy clara: cuando se juntan entidades, instituciones y medios, la causa se escucha m\u00e1s\u2026 y llega m\u00e1s lejos. Y eso, al final, es lo que buscamos.<\/p>\n\n\n\n<p><\/p>\n\n\n\n<p><em>Fuente: CorazonEx Solidarios<\/em><\/p>\n\n\n\n<p><\/p>\n","protected":false},"excerpt":{"rendered":"<p>El pasado 3 de marzo asistimos en Badajoz a una velada que puso el foco en lo que de verdad sostiene muchas cosas cuando se complican: el tercer sector en Extremadura. El encuentro, titulado \u201cMagia y compromiso social en una noche dedicada al tercer sector\u201d, estuvo organizado por el Diario HOY con la colaboraci\u00f3n de la Fundaci\u00f3n \u201cla Caixa\u201d, y reuni\u00f3 a entidades sociales, responsables institucionales y agentes implicados en mejorar la vida de las personas m\u00e1s vulnerables. Una velada en Badajoz para dar voz al tercer sector El acto se celebr\u00f3 en el Hotel Zurbar\u00e1n y tuvo un objetivo muy claro: reconocer, visibilizar y reforzar la idea de que colaborar no es \u201calgo puntual\u201d, sino una forma de estar en el mundo. Nosotr@s estuvimos representad@s por nuestro presidente, Alberto Covars\u00ed, y quer\u00edamos cont\u00e1rtelo de forma sencilla: nos hace ilusi\u00f3n formar parte de espacios donde se habla del trabajo social con respeto, con cercan\u00eda y con ganas de sumar. HOY Solidario como altavoz de entidades sociales Durante la velada se destac\u00f3 el papel de HOY Solidario, una plataforma que funciona como punto de encuentro y altavoz para noticias e iniciativas impulsadas por entidades del tercer sector. Que un medio apueste por dar continuidad a estas historias importa, porque convierte la solidaridad en algo m\u00e1s visible y m\u00e1s real. Magia, humor y un mensaje claro: creer para transformar El cierre lo puso el mentalista Vicente de Lucca, con un espect\u00e1culo que mezcl\u00f3 humor y sorpresa, y que dej\u00f3 una idea que encaja muy bien con todo esto: para transformar hay que creer antes de ver el resultado. Y eso es justamente lo que hace el tercer sector cada d\u00eda: trabajar hoy pensando en el ma\u00f1ana, aunque el camino no siempre sea f\u00e1cil. Nuestro agradecimiento a HOY por contar con nosotr@s Gracias al Diario HOY por la invitaci\u00f3n y por dejarnos ser parte de una noche marcada por el compromiso social. Salimos con una sensaci\u00f3n muy clara: cuando se juntan entidades, instituciones y medios, la causa se escucha m\u00e1s\u2026 y llega m\u00e1s lejos. Y eso, al final, es lo que buscamos. Fuente: CorazonEx Solidarios<\/p>\n","protected":false},"author":1,"featured_media":2527,"comment_status":"open","ping_status":"open","sticky":false,"template":"","format":"standard","meta":{"footnotes":""},"categories":[1],"tags":[],"class_list":["post-2524","post","type-post","status-publish","format-standard","has-post-thumbnail","hentry","category-uncategorized"],"yoast_head":"<!-- This site is optimized with the Yoast SEO plugin v27.4 - https:\/\/yoast.com\/product\/yoast-seo-wordpress\/ -->\n<title>CorazonEx Solidarios en una noche dedicada al tercer sector en Extremadura: gracias al Diario HOY por invitarnos - Corazonex Solidarios<\/title>\n<meta name=\"description\" content=\"Nuestro presidente asisti\u00f3 en Badajoz a la velada \u201cMagia y compromiso social\u201d, para poner en valor el tercer sector en Extremadura.\" \/>\n<meta name=\"robots\" content=\"index, follow, max-snippet:-1, max-image-preview:large, max-video-preview:-1\" \/>\n<link rel=\"canonical\" href=\"https:\/\/corazonexsolidarios.com\/index.php\/2026\/03\/05\/corazonex-noche-tercer-sector-extremadura-gracias-diario-hoy\/\" \/>\n<meta property=\"og:locale\" content=\"es_ES\" \/>\n<meta property=\"og:type\" content=\"article\" \/>\n<meta property=\"og:title\" content=\"CorazonEx Solidarios en una noche dedicada al tercer sector en Extremadura: gracias al Diario HOY por invitarnos - Corazonex Solidarios\" \/>\n<meta property=\"og:description\" content=\"Nuestro presidente asisti\u00f3 en Badajoz a la velada \u201cMagia y compromiso social\u201d, para poner en valor el tercer sector en Extremadura.\" \/>\n<meta property=\"og:url\" content=\"https:\/\/corazonexsolidarios.com\/index.php\/2026\/03\/05\/corazonex-noche-tercer-sector-extremadura-gracias-diario-hoy\/\" \/>\n<meta property=\"og:site_name\" content=\"Corazonex Solidarios\" \/>\n<meta property=\"article:publisher\" content=\"https:\/\/www.facebook.com\/Corazonexsolidarios\" \/>\n<meta property=\"article:published_time\" content=\"2026-03-05T20:45:14+00:00\" \/>\n<meta property=\"article:modified_time\" content=\"2026-03-05T20:45:16+00:00\" \/>\n<meta property=\"og:image\" content=\"http:\/\/corazonexsolidarios.com\/wp-content\/uploads\/2026\/03\/IMG_0592.png\" \/>\n\t<meta property=\"og:image:width\" content=\"800\" \/>\n\t<meta property=\"og:image:height\" content=\"400\" \/>\n\t<meta property=\"og:image:type\" content=\"image\/png\" \/>\n<meta name=\"author\" content=\"admin\" \/>\n<meta name=\"twitter:card\" content=\"summary_large_image\" \/>\n<meta name=\"twitter:label1\" content=\"Escrito por\" \/>\n\t<meta name=\"twitter:data1\" content=\"admin\" \/>\n\t<meta name=\"twitter:label2\" content=\"Tiempo de lectura\" \/>\n\t<meta name=\"twitter:data2\" content=\"2 minutos\" \/>\n<script type=\"application\/ld+json\" class=\"yoast-schema-graph\">{\"@context\":\"https:\\\/\\\/schema.org\",\"@graph\":[{\"@type\":\"Article\",\"@id\":\"https:\\\/\\\/corazonexsolidarios.com\\\/index.php\\\/2026\\\/03\\\/05\\\/corazonex-noche-tercer-sector-extremadura-gracias-diario-hoy\\\/#article\",\"isPartOf\":{\"@id\":\"https:\\\/\\\/corazonexsolidarios.com\\\/index.php\\\/2026\\\/03\\\/05\\\/corazonex-noche-tercer-sector-extremadura-gracias-diario-hoy\\\/\"},\"author\":{\"name\":\"admin\",\"@id\":\"https:\\\/\\\/corazonexsolidarios.com\\\/#\\\/schema\\\/person\\\/74adce06a6ed56acf23937315f586b1a\"},\"headline\":\"CorazonEx Solidarios en una noche dedicada al tercer sector en Extremadura: gracias al Diario HOY por invitarnos\",\"datePublished\":\"2026-03-05T20:45:14+00:00\",\"dateModified\":\"2026-03-05T20:45:16+00:00\",\"mainEntityOfPage\":{\"@id\":\"https:\\\/\\\/corazonexsolidarios.com\\\/index.php\\\/2026\\\/03\\\/05\\\/corazonex-noche-tercer-sector-extremadura-gracias-diario-hoy\\\/\"},\"wordCount\":389,\"commentCount\":0,\"publisher\":{\"@id\":\"https:\\\/\\\/corazonexsolidarios.com\\\/#organization\"},\"image\":{\"@id\":\"https:\\\/\\\/corazonexsolidarios.com\\\/index.php\\\/2026\\\/03\\\/05\\\/corazonex-noche-tercer-sector-extremadura-gracias-diario-hoy\\\/#primaryimage\"},\"thumbnailUrl\":\"https:\\\/\\\/corazonexsolidarios.com\\\/wp-content\\\/uploads\\\/2026\\\/03\\\/IMG_0592.png\",\"articleSection\":[\"Uncategorized\"],\"inLanguage\":\"es\",\"potentialAction\":[{\"@type\":\"CommentAction\",\"name\":\"Comment\",\"target\":[\"https:\\\/\\\/corazonexsolidarios.com\\\/index.php\\\/2026\\\/03\\\/05\\\/corazonex-noche-tercer-sector-extremadura-gracias-diario-hoy\\\/#respond\"]}]},{\"@type\":\"WebPage\",\"@id\":\"https:\\\/\\\/corazonexsolidarios.com\\\/index.php\\\/2026\\\/03\\\/05\\\/corazonex-noche-tercer-sector-extremadura-gracias-diario-hoy\\\/\",\"url\":\"https:\\\/\\\/corazonexsolidarios.com\\\/index.php\\\/2026\\\/03\\\/05\\\/corazonex-noche-tercer-sector-extremadura-gracias-diario-hoy\\\/\",\"name\":\"CorazonEx Solidarios en una noche dedicada al tercer sector en Extremadura: gracias al Diario HOY por invitarnos - Corazonex Solidarios\",\"isPartOf\":{\"@id\":\"https:\\\/\\\/corazonexsolidarios.com\\\/#website\"},\"primaryImageOfPage\":{\"@id\":\"https:\\\/\\\/corazonexsolidarios.com\\\/index.php\\\/2026\\\/03\\\/05\\\/corazonex-noche-tercer-sector-extremadura-gracias-diario-hoy\\\/#primaryimage\"},\"image\":{\"@id\":\"https:\\\/\\\/corazonexsolidarios.com\\\/index.php\\\/2026\\\/03\\\/05\\\/corazonex-noche-tercer-sector-extremadura-gracias-diario-hoy\\\/#primaryimage\"},\"thumbnailUrl\":\"https:\\\/\\\/corazonexsolidarios.com\\\/wp-content\\\/uploads\\\/2026\\\/03\\\/IMG_0592.png\",\"datePublished\":\"2026-03-05T20:45:14+00:00\",\"dateModified\":\"2026-03-05T20:45:16+00:00\",\"description\":\"Nuestro presidente asisti\u00f3 en Badajoz a la velada \u201cMagia y compromiso social\u201d, para poner en valor el tercer sector en Extremadura.\",\"breadcrumb\":{\"@id\":\"https:\\\/\\\/corazonexsolidarios.com\\\/index.php\\\/2026\\\/03\\\/05\\\/corazonex-noche-tercer-sector-extremadura-gracias-diario-hoy\\\/#breadcrumb\"},\"inLanguage\":\"es\",\"potentialAction\":[{\"@type\":\"ReadAction\",\"target\":[\"https:\\\/\\\/corazonexsolidarios.com\\\/index.php\\\/2026\\\/03\\\/05\\\/corazonex-noche-tercer-sector-extremadura-gracias-diario-hoy\\\/\"]}]},{\"@type\":\"ImageObject\",\"inLanguage\":\"es\",\"@id\":\"https:\\\/\\\/corazonexsolidarios.com\\\/index.php\\\/2026\\\/03\\\/05\\\/corazonex-noche-tercer-sector-extremadura-gracias-diario-hoy\\\/#primaryimage\",\"url\":\"https:\\\/\\\/corazonexsolidarios.com\\\/wp-content\\\/uploads\\\/2026\\\/03\\\/IMG_0592.png\",\"contentUrl\":\"https:\\\/\\\/corazonexsolidarios.com\\\/wp-content\\\/uploads\\\/2026\\\/03\\\/IMG_0592.png\",\"width\":800,\"height\":400},{\"@type\":\"BreadcrumbList\",\"@id\":\"https:\\\/\\\/corazonexsolidarios.com\\\/index.php\\\/2026\\\/03\\\/05\\\/corazonex-noche-tercer-sector-extremadura-gracias-diario-hoy\\\/#breadcrumb\",\"itemListElement\":[{\"@type\":\"ListItem\",\"position\":1,\"name\":\"Portada\",\"item\":\"https:\\\/\\\/corazonexsolidarios.com\\\/\"},{\"@type\":\"ListItem\",\"position\":2,\"name\":\"CorazonEx Solidarios en una noche dedicada al tercer sector en Extremadura: gracias al Diario HOY por invitarnos\"}]},{\"@type\":\"WebSite\",\"@id\":\"https:\\\/\\\/corazonexsolidarios.com\\\/#website\",\"url\":\"https:\\\/\\\/corazonexsolidarios.com\\\/\",\"name\":\"Corazonex Solidarios\",\"description\":\"Ning\u00fan ni\u00f1o sin ilusi\u00f3n\",\"publisher\":{\"@id\":\"https:\\\/\\\/corazonexsolidarios.com\\\/#organization\"},\"potentialAction\":[{\"@type\":\"SearchAction\",\"target\":{\"@type\":\"EntryPoint\",\"urlTemplate\":\"https:\\\/\\\/corazonexsolidarios.com\\\/?s={search_term_string}\"},\"query-input\":{\"@type\":\"PropertyValueSpecification\",\"valueRequired\":true,\"valueName\":\"search_term_string\"}}],\"inLanguage\":\"es\"},{\"@type\":\"Organization\",\"@id\":\"https:\\\/\\\/corazonexsolidarios.com\\\/#organization\",\"name\":\"Corazonex Solidarios\",\"url\":\"https:\\\/\\\/corazonexsolidarios.com\\\/\",\"logo\":{\"@type\":\"ImageObject\",\"inLanguage\":\"es\",\"@id\":\"https:\\\/\\\/corazonexsolidarios.com\\\/#\\\/schema\\\/logo\\\/image\\\/\",\"url\":\"https:\\\/\\\/corazonexsolidarios.com\\\/wp-content\\\/uploads\\\/2023\\\/10\\\/cropped-cropped-LogoCorazonex.png\",\"contentUrl\":\"https:\\\/\\\/corazonexsolidarios.com\\\/wp-content\\\/uploads\\\/2023\\\/10\\\/cropped-cropped-LogoCorazonex.png\",\"width\":706,\"height\":272,\"caption\":\"Corazonex Solidarios\"},\"image\":{\"@id\":\"https:\\\/\\\/corazonexsolidarios.com\\\/#\\\/schema\\\/logo\\\/image\\\/\"},\"sameAs\":[\"https:\\\/\\\/www.facebook.com\\\/Corazonexsolidarios\",\"https:\\\/\\\/www.instagram.com\\\/corazonexsolidarios\\\/\"]},{\"@type\":\"Person\",\"@id\":\"https:\\\/\\\/corazonexsolidarios.com\\\/#\\\/schema\\\/person\\\/74adce06a6ed56acf23937315f586b1a\",\"name\":\"admin\",\"image\":{\"@type\":\"ImageObject\",\"inLanguage\":\"es\",\"@id\":\"https:\\\/\\\/secure.gravatar.com\\\/avatar\\\/9295a23ea59b650379ae7be01980814bc051a56e8fbba466fbd172967b46761f?s=96&d=mm&r=g\",\"url\":\"https:\\\/\\\/secure.gravatar.com\\\/avatar\\\/9295a23ea59b650379ae7be01980814bc051a56e8fbba466fbd172967b46761f?s=96&d=mm&r=g\",\"contentUrl\":\"https:\\\/\\\/secure.gravatar.com\\\/avatar\\\/9295a23ea59b650379ae7be01980814bc051a56e8fbba466fbd172967b46761f?s=96&d=mm&r=g\",\"caption\":\"admin\"},\"sameAs\":[\"https:\\\/\\\/corazonex.mandarinaagencia.com\"],\"url\":\"https:\\\/\\\/corazonexsolidarios.com\\\/index.php\\\/author\\\/admin\\\/\"}]}<\/script>\n<!-- \/ Yoast SEO plugin. -->","yoast_head_json":{"title":"CorazonEx Solidarios en una noche dedicada al tercer sector en Extremadura: gracias al Diario HOY por invitarnos - Corazonex Solidarios","description":"Nuestro presidente asisti\u00f3 en Badajoz a la velada \u201cMagia y compromiso social\u201d, para poner en valor el tercer sector en Extremadura.","robots":{"index":"index","follow":"follow","max-snippet":"max-snippet:-1","max-image-preview":"max-image-preview:large","max-video-preview":"max-video-preview:-1"},"canonical":"https:\/\/corazonexsolidarios.com\/index.php\/2026\/03\/05\/corazonex-noche-tercer-sector-extremadura-gracias-diario-hoy\/","og_locale":"es_ES","og_type":"article","og_title":"CorazonEx Solidarios en una noche dedicada al tercer sector en Extremadura: gracias al Diario HOY por invitarnos - Corazonex Solidarios","og_description":"Nuestro presidente asisti\u00f3 en Badajoz a la velada \u201cMagia y compromiso social\u201d, para poner en valor el tercer sector en Extremadura.","og_url":"https:\/\/corazonexsolidarios.com\/index.php\/2026\/03\/05\/corazonex-noche-tercer-sector-extremadura-gracias-diario-hoy\/","og_site_name":"Corazonex Solidarios","article_publisher":"https:\/\/www.facebook.com\/Corazonexsolidarios","article_published_time":"2026-03-05T20:45:14+00:00","article_modified_time":"2026-03-05T20:45:16+00:00","og_image":[{"width":800,"height":400,"url":"http:\/\/corazonexsolidarios.com\/wp-content\/uploads\/2026\/03\/IMG_0592.png","type":"image\/png"}],"author":"admin","twitter_card":"summary_large_image","twitter_misc":{"Escrito por":"admin","Tiempo de lectura":"2 minutos"},"schema":{"@context":"https:\/\/schema.org","@graph":[{"@type":"Article","@id":"https:\/\/corazonexsolidarios.com\/index.php\/2026\/03\/05\/corazonex-noche-tercer-sector-extremadura-gracias-diario-hoy\/#article","isPartOf":{"@id":"https:\/\/corazonexsolidarios.com\/index.php\/2026\/03\/05\/corazonex-noche-tercer-sector-extremadura-gracias-diario-hoy\/"},"author":{"name":"admin","@id":"https:\/\/corazonexsolidarios.com\/#\/schema\/person\/74adce06a6ed56acf23937315f586b1a"},"headline":"CorazonEx Solidarios en una noche dedicada al tercer sector en Extremadura: gracias al Diario HOY por invitarnos","datePublished":"2026-03-05T20:45:14+00:00","dateModified":"2026-03-05T20:45:16+00:00","mainEntityOfPage":{"@id":"https:\/\/corazonexsolidarios.com\/index.php\/2026\/03\/05\/corazonex-noche-tercer-sector-extremadura-gracias-diario-hoy\/"},"wordCount":389,"commentCount":0,"publisher":{"@id":"https:\/\/corazonexsolidarios.com\/#organization"},"image":{"@id":"https:\/\/corazonexsolidarios.com\/index.php\/2026\/03\/05\/corazonex-noche-tercer-sector-extremadura-gracias-diario-hoy\/#primaryimage"},"thumbnailUrl":"https:\/\/corazonexsolidarios.com\/wp-content\/uploads\/2026\/03\/IMG_0592.png","articleSection":["Uncategorized"],"inLanguage":"es","potentialAction":[{"@type":"CommentAction","name":"Comment","target":["https:\/\/corazonexsolidarios.com\/index.php\/2026\/03\/05\/corazonex-noche-tercer-sector-extremadura-gracias-diario-hoy\/#respond"]}]},{"@type":"WebPage","@id":"https:\/\/corazonexsolidarios.com\/index.php\/2026\/03\/05\/corazonex-noche-tercer-sector-extremadura-gracias-diario-hoy\/","url":"https:\/\/corazonexsolidarios.com\/index.php\/2026\/03\/05\/corazonex-noche-tercer-sector-extremadura-gracias-diario-hoy\/","name":"CorazonEx Solidarios en una noche dedicada al tercer sector en Extremadura: gracias al Diario HOY por invitarnos - Corazonex Solidarios","isPartOf":{"@id":"https:\/\/corazonexsolidarios.com\/#website"},"primaryImageOfPage":{"@id":"https:\/\/corazonexsolidarios.com\/index.php\/2026\/03\/05\/corazonex-noche-tercer-sector-extremadura-gracias-diario-hoy\/#primaryimage"},"image":{"@id":"https:\/\/corazonexsolidarios.com\/index.php\/2026\/03\/05\/corazonex-noche-tercer-sector-extremadura-gracias-diario-hoy\/#primaryimage"},"thumbnailUrl":"https:\/\/corazonexsolidarios.com\/wp-content\/uploads\/2026\/03\/IMG_0592.png","datePublished":"2026-03-05T20:45:14+00:00","dateModified":"2026-03-05T20:45:16+00:00","description":"Nuestro presidente asisti\u00f3 en Badajoz a la velada \u201cMagia y compromiso social\u201d, para poner en valor el tercer sector en Extremadura.","breadcrumb":{"@id":"https:\/\/corazonexsolidarios.com\/index.php\/2026\/03\/05\/corazonex-noche-tercer-sector-extremadura-gracias-diario-hoy\/#breadcrumb"},"inLanguage":"es","potentialAction":[{"@type":"ReadAction","target":["https:\/\/corazonexsolidarios.com\/index.php\/2026\/03\/05\/corazonex-noche-tercer-sector-extremadura-gracias-diario-hoy\/"]}]},{"@type":"ImageObject","inLanguage":"es","@id":"https:\/\/corazonexsolidarios.com\/index.php\/2026\/03\/05\/corazonex-noche-tercer-sector-extremadura-gracias-diario-hoy\/#primaryimage","url":"https:\/\/corazonexsolidarios.com\/wp-content\/uploads\/2026\/03\/IMG_0592.png","contentUrl":"https:\/\/corazonexsolidarios.com\/wp-content\/uploads\/2026\/03\/IMG_0592.png","width":800,"height":400},{"@type":"BreadcrumbList","@id":"https:\/\/corazonexsolidarios.com\/index.php\/2026\/03\/05\/corazonex-noche-tercer-sector-extremadura-gracias-diario-hoy\/#breadcrumb","itemListElement":[{"@type":"ListItem","position":1,"name":"Portada","item":"https:\/\/corazonexsolidarios.com\/"},{"@type":"ListItem","position":2,"name":"CorazonEx Solidarios en una noche dedicada al tercer sector en Extremadura: gracias al Diario HOY por invitarnos"}]},{"@type":"WebSite","@id":"https:\/\/corazonexsolidarios.com\/#website","url":"https:\/\/corazonexsolidarios.com\/","name":"Corazonex Solidarios","description":"Ning\u00fan ni\u00f1o sin ilusi\u00f3n","publisher":{"@id":"https:\/\/corazonexsolidarios.com\/#organization"},"potentialAction":[{"@type":"SearchAction","target":{"@type":"EntryPoint","urlTemplate":"https:\/\/corazonexsolidarios.com\/?s={search_term_string}"},"query-input":{"@type":"PropertyValueSpecification","valueRequired":true,"valueName":"search_term_string"}}],"inLanguage":"es"},{"@type":"Organization","@id":"https:\/\/corazonexsolidarios.com\/#organization","name":"Corazonex Solidarios","url":"https:\/\/corazonexsolidarios.com\/","logo":{"@type":"ImageObject","inLanguage":"es","@id":"https:\/\/corazonexsolidarios.com\/#\/schema\/logo\/image\/","url":"https:\/\/corazonexsolidarios.com\/wp-content\/uploads\/2023\/10\/cropped-cropped-LogoCorazonex.png","contentUrl":"https:\/\/corazonexsolidarios.com\/wp-content\/uploads\/2023\/10\/cropped-cropped-LogoCorazonex.png","width":706,"height":272,"caption":"Corazonex Solidarios"},"image":{"@id":"https:\/\/corazonexsolidarios.com\/#\/schema\/logo\/image\/"},"sameAs":["https:\/\/www.facebook.com\/Corazonexsolidarios","https:\/\/www.instagram.com\/corazonexsolidarios\/"]},{"@type":"Person","@id":"https:\/\/corazonexsolidarios.com\/#\/schema\/person\/74adce06a6ed56acf23937315f586b1a","name":"admin","image":{"@type":"ImageObject","inLanguage":"es","@id":"https:\/\/secure.gravatar.com\/avatar\/9295a23ea59b650379ae7be01980814bc051a56e8fbba466fbd172967b46761f?s=96&d=mm&r=g","url":"https:\/\/secure.gravatar.com\/avatar\/9295a23ea59b650379ae7be01980814bc051a56e8fbba466fbd172967b46761f?s=96&d=mm&r=g","contentUrl":"https:\/\/secure.gravatar.com\/avatar\/9295a23ea59b650379ae7be01980814bc051a56e8fbba466fbd172967b46761f?s=96&d=mm&r=g","caption":"admin"},"sameAs":["https:\/\/corazonex.mandarinaagencia.com"],"url":"https:\/\/corazonexsolidarios.com\/index.php\/author\/admin\/"}]}},"_links":{"self":[{"href":"https:\/\/corazonexsolidarios.com\/index.php\/wp-json\/wp\/v2\/posts\/2524","targetHints":{"allow":["GET"]}}],"collection":[{"href":"https:\/\/corazonexsolidarios.com\/index.php\/wp-json\/wp\/v2\/posts"}],"about":[{"href":"https:\/\/corazonexsolidarios.com\/index.php\/wp-json\/wp\/v2\/types\/post"}],"author":[{"embeddable":true,"href":"https:\/\/corazonexsolidarios.com\/index.php\/wp-json\/wp\/v2\/users\/1"}],"replies":[{"embeddable":true,"href":"https:\/\/corazonexsolidarios.com\/index.php\/wp-json\/wp\/v2\/comments?post=2524"}],"version-history":[{"count":3,"href":"https:\/\/corazonexsolidarios.com\/index.php\/wp-json\/wp\/v2\/posts\/2524\/revisions"}],"predecessor-version":[{"id":2528,"href":"https:\/\/corazonexsolidarios.com\/index.php\/wp-json\/wp\/v2\/posts\/2524\/revisions\/2528"}],"wp:featuredmedia":[{"embeddable":true,"href":"https:\/\/corazonexsolidarios.com\/index.php\/wp-json\/wp\/v2\/media\/2527"}],"wp:attachment":[{"href":"https:\/\/corazonexsolidarios.com\/index.php\/wp-json\/wp\/v2\/media?parent=2524"}],"wp:term":[{"taxonomy":"category","embeddable":true,"href":"https:\/\/corazonexsolidarios.com\/index.php\/wp-json\/wp\/v2\/categories?post=2524"},{"taxonomy":"post_tag","embeddable":true,"href":"https:\/\/corazonexsolidarios.com\/index.php\/wp-json\/wp\/v2\/tags?post=2524"}],"curies":[{"name":"wp","href":"https:\/\/api.w.org\/{rel}","templated":true}]}}